{"id":3420,"global_id":"baruerieventos.com.br\/site?id=3420","global_id_lineage":["baruerieventos.com.br\/site?id=3420"],"author":"2","status":"publish","date":"2017-09-25 18:09:39","date_utc":"2017-09-25 21:09:39","modified":"2017-09-25 18:09:39","modified_utc":"2017-09-25 21:09:39","url":"https:\/\/baruerieventos.com.br\/site\/event\/3420\/","rest_url":"https:\/\/baruerieventos.com.br\/site\/wp-json\/tribe\/events\/v1\/events\/3420","title":"Corpo Musical da Guarda comemora 20 anos de hist\u00f3ria","description":"<p class=\"m_-2690979729173317446Paragraph m_-2690979729173317446SCXW180211154\"><span class=\"m_-2690979729173317446TextRun m_-2690979729173317446SCXW180211154\" lang=\"PT-BR\">Com apresenta\u00e7\u00e3o no TMB,<\/span><span class=\"m_-2690979729173317446TextRun m_-2690979729173317446SCXW180211154\" lang=\"PT-BR\"><span class=\"m_-2690979729173317446NormalTextRun m_-2690979729173317446SCXW180211154\">\u00a0<\/span><\/span><span class=\"m_-2690979729173317446TextRun m_-2690979729173317446SCXW180211154\" lang=\"PT-BR\">Corpo Musical da\u00a0<span class=\"il\">Guarda<\/span>\u00a0comemora 20 anos de hist\u00f3ria<\/span><span class=\"m_-2690979729173317446EOP m_-2690979729173317446SCXW180211154\">\u00a0<\/span><\/p>\n<div class=\"m_-2690979729173317446OutlineElement m_-2690979729173317446Ltr m_-2690979729173317446SCXW180211154\">\n<p class=\"m_-2690979729173317446Paragraph m_-2690979729173317446SCXW180211154\"><span class=\"m_-2690979729173317446EOP m_-2690979729173317446SCXW180211154\">\u00a0<\/span><span class=\"m_-2690979729173317446TextRun m_-2690979729173317446SCXW180211154\" lang=\"PT-BR\">\u00a0<\/span><span class=\"m_-2690979729173317446TextRun m_-2690979729173317446SCXW180211154\" lang=\"PT-BR\">Para celebrar, n<\/span><span class=\"m_-2690979729173317446TextRun m_-2690979729173317446SCXW180211154\" lang=\"PT-BR\">o pr\u00f3ximo dia 25<\/span><span class=\"m_-2690979729173317446TextRun m_-2690979729173317446SCXW180211154\" lang=\"PT-BR\">\u00a0a banda participar\u00e1 do S<\/span><span class=\"m_-2690979729173317446TextRun m_-2690979729173317446SCXW180211154\" lang=\"PT-BR\">egunda Cl\u00e1ssica, no Teatro\u00a0<span class=\"il\">Municipal<\/span>\u00a0de Barueri<\/span><span class=\"m_-2690979729173317446TextRun m_-2690979729173317446SCXW180211154\" lang=\"PT-BR\">,<\/span><span class=\"m_-2690979729173317446TextRun m_-2690979729173317446SCXW180211154\" lang=\"PT-BR\">\u00a0\u00e0s 20h.\u00a0<\/span><span class=\"m_-2690979729173317446EOP m_-2690979729173317446SCXW180211154\">\u00a0<\/span><\/p>\n<\/div>\n<div class=\"m_-2690979729173317446OutlineElement m_-2690979729173317446Ltr m_-2690979729173317446SCXW180211154\">\n<p class=\"m_-2690979729173317446Paragraph m_-2690979729173317446SCXW180211154\"><span class=\"m_-2690979729173317446EOP m_-2690979729173317446SCXW180211154\">\u00a0<\/span><span class=\"m_-2690979729173317446TextRun m_-2690979729173317446SCXW180211154\" lang=\"PT-BR\">No repert\u00f3rio\u00a0<\/span><span class=\"m_-2690979729173317446TextRun m_-2690979729173317446SCXW180211154\" lang=\"PT-BR\">dos guardas instrumentistas\u00a0<\/span><span class=\"m_-2690979729173317446TextRun m_-2690979729173317446SCXW180211154\" lang=\"PT-BR\">est<\/span><span class=\"m_-2690979729173317446TextRun m_-2690979729173317446SCXW180211154\" lang=\"PT-BR\">ar\u00e3o<\/span><span class=\"m_-2690979729173317446TextRun m_-2690979729173317446SCXW180211154\" lang=\"PT-BR\"><span class=\"m_-2690979729173317446NormalTextRun m_-2690979729173317446SCXW180211154\">\u00a0<\/span><\/span><span class=\"m_-2690979729173317446TextRun m_-2690979729173317446SCXW180211154\" lang=\"PT-BR\">t<\/span><span class=\"m_-2690979729173317446TextRun m_-2690979729173317446SCXW180211154\" lang=\"PT-BR\">emas famosos,\u00a0<\/span><span class=\"m_-2690979729173317446TextRun m_-2690979729173317446SCXW180211154\" lang=\"PT-BR\">s<\/span><span class=\"m_-2690979729173317446TextRun m_-2690979729173317446SCXW180211154\" lang=\"PT-BR\">ele\u00e7\u00e3o\u00a0<\/span><span class=\"m_-2690979729173317446TextRun m_-2690979729173317446SCXW180211154\" lang=\"PT-BR\">do\u00a0<\/span><span class=\"m_-2690979729173317446TextRun m_-2690979729173317446SCXW180211154\" lang=\"PT-BR\">Roupa Nova,\u00a0<\/span><span class=\"m_-2690979729173317446TextRun m_-2690979729173317446SCXW180211154\" lang=\"PT-BR\">c<\/span><span class=\"m_-2690979729173317446TextRun m_-2690979729173317446SCXW180211154\" lang=\"PT-BR\">horos e Chorinhos, entre outros<\/span><span class=\"m_-2690979729173317446TextRun m_-2690979729173317446SCXW180211154\" lang=\"PT-BR\">.\u00a0<\/span><\/p>\n<p class=\"m_-2690979729173317446Paragraph m_-2690979729173317446SCXW180211154\">Evento Gratuito.<\/p>\n<\/div>\n<div class=\"m_-2690979729173317446OutlineElement m_-2690979729173317446Ltr m_-2690979729173317446SCXW180211154\">\n<p class=\"m_-2690979729173317446Paragraph m_-2690979729173317446SCXW180211154\"><span class=\"m_-2690979729173317446EOP m_-2690979729173317446SCXW180211154\">\u00a0<\/span><\/p>\n<\/div>\n<div class=\"m_-2690979729173317446OutlineElement m_-2690979729173317446Ltr m_-2690979729173317446SCXW180211154\">\n<p class=\"m_-2690979729173317446Paragraph m_-2690979729173317446SCXW180211154\"><strong><span class=\"m_-2690979729173317446TextRun m_-2690979729173317446SCXW180211154\" lang=\"PT-BR\">20 anos<\/span><\/strong><span class=\"m_-2690979729173317446EOP m_-2690979729173317446SCXW180211154\">\u00a0<\/span><\/p>\n<\/div>\n<div class=\"m_-2690979729173317446OutlineElement m_-2690979729173317446Ltr m_-2690979729173317446SCXW180211154\">\n<p class=\"m_-2690979729173317446Paragraph m_-2690979729173317446SCXW180211154\"><span class=\"m_-2690979729173317446TextRun m_-2690979729173317446SCXW180211154\" lang=\"PT-BR\">O Corpo Musical da\u00a0<span class=\"il\">Guarda<\/span><\/span><span class=\"m_-2690979729173317446TextRun m_-2690979729173317446SCXW180211154\" lang=\"PT-BR\"><span class=\"m_-2690979729173317446NormalTextRun m_-2690979729173317446SCXW180211154\">\u00a0<\/span><\/span><span class=\"m_-2690979729173317446TextRun m_-2690979729173317446SCXW180211154\" lang=\"PT-BR\">foi idealizad<\/span><span class=\"m_-2690979729173317446TextRun m_-2690979729173317446SCXW180211154\" lang=\"PT-BR\">o<\/span><span class=\"m_-2690979729173317446TextRun m_-2690979729173317446SCXW180211154\" lang=\"PT-BR\">\u00a0e criad<\/span><span class=\"m_-2690979729173317446TextRun m_-2690979729173317446SCXW180211154\" lang=\"PT-BR\">o<\/span><span class=\"m_-2690979729173317446TextRun m_-2690979729173317446SCXW180211154\" lang=\"PT-BR\">\u00a0em 16 de setembro de 1997, com efetivo vari\u00e1vel de 10 componentes. Desde o in\u00edcio, tem\u00a0<\/span><span class=\"m_-2690979729173317446TextRun m_-2690979729173317446SCXW180211154\" lang=\"PT-BR\">\u00e0 frente\u00a0<\/span><span class=\"m_-2690979729173317446TextRun m_-2690979729173317446SCXW180211154\" lang=\"PT-BR\">o\u00a0<\/span><span class=\"m_-2690979729173317446TextRun m_-2690979729173317446SCXW180211154\" lang=\"PT-BR\">m<\/span><span class=\"m_-2690979729173317446TextRun m_-2690979729173317446SCXW180211154\" lang=\"PT-BR\">aestro Jo\u00e3o Benedito\u00a0<\/span><span class=\"m_-2690979729173317446TextRun m_-2690979729173317446SCXW180211154\" lang=\"PT-BR\"><span class=\"m_-2690979729173317446SpellingError m_-2690979729173317446SCXW180211154\">Moni<\/span><\/span><span class=\"m_-2690979729173317446TextRun m_-2690979729173317446SCXW180211154\" lang=\"PT-BR\">\u00a0e atualmente conta com 22 integrantes.<\/span><span class=\"m_-2690979729173317446EOP m_-2690979729173317446SCXW180211154\">\u00a0<\/span><\/p>\n<\/div>\n<div class=\"m_-2690979729173317446OutlineElement m_-2690979729173317446Ltr m_-2690979729173317446SCXW180211154\">\n<p class=\"m_-2690979729173317446Paragraph m_-2690979729173317446SCXW180211154\"><span class=\"m_-2690979729173317446EOP m_-2690979729173317446SCXW180211154\">\u00a0<\/span><span class=\"m_-2690979729173317446TextRun m_-2690979729173317446SCXW180211154\" lang=\"PT-BR\">Em mar\u00e7o de 2017 foi publicado o decreto<\/span><span class=\"m_-2690979729173317446TextRun m_-2690979729173317446SCXW180211154\" lang=\"PT-BR\">\u00a0<span class=\"il\">municipal<\/span>\u00a0<\/span><span class=\"m_-2690979729173317446TextRun m_-2690979729173317446SCXW180211154\" lang=\"PT-BR\">8.525 que\u00a0<\/span><span class=\"m_-2690979729173317446TextRun m_-2690979729173317446SCXW180211154\" lang=\"PT-BR\">oficializou a\u00a0<\/span><span class=\"m_-2690979729173317446TextRun m_-2690979729173317446SCXW180211154\" lang=\"PT-BR\">cria\u00e7\u00e3o efetiva do Corpo Musical.<\/span><span class=\"m_-2690979729173317446EOP m_-2690979729173317446SCXW180211154\">\u00a0<\/span><\/p>\n<\/div>\n<div class=\"m_-2690979729173317446OutlineElement m_-2690979729173317446Ltr m_-2690979729173317446SCXW180211154\">\n<p class=\"m_-2690979729173317446Paragraph m_-2690979729173317446SCXW180211154\"><span class=\"m_-2690979729173317446EOP m_-2690979729173317446SCXW180211154\">\u00a0<\/span><span class=\"m_-2690979729173317446TextRun m_-2690979729173317446SCXW180211154\" lang=\"PT-BR\">O repert\u00f3rio ecl\u00e9tico transita do\u00a0<\/span><span class=\"m_-2690979729173317446TextRun m_-2690979729173317446SCXW180211154\" lang=\"PT-BR\">p<\/span><span class=\"m_-2690979729173317446TextRun m_-2690979729173317446SCXW180211154\" lang=\"PT-BR\">opular ao erudito, incluindo marchas, dobrados, hinos e can\u00e7\u00f5es militares<\/span><span class=\"m_-2690979729173317446TextRun m_-2690979729173317446SCXW180211154\" lang=\"PT-BR\">,<\/span><span class=\"m_-2690979729173317446TextRun m_-2690979729173317446SCXW180211154\" lang=\"PT-BR\">\u00a0al\u00e9m de hinos de outros pa\u00edses, uma vez que procura vir ao encontro das aspira\u00e7\u00f5es populares, tornando-se uma banda moderna,\u00a0<\/span><span class=\"m_-2690979729173317446TextRun m_-2690979729173317446SCXW180211154\" lang=\"PT-BR\">mas sem\u00a0<\/span><span class=\"m_-2690979729173317446TextRun m_-2690979729173317446SCXW180211154\" lang=\"PT-BR\">esquece<\/span><span class=\"m_-2690979729173317446TextRun m_-2690979729173317446SCXW180211154\" lang=\"PT-BR\">r\u00a0<\/span><span class=\"m_-2690979729173317446TextRun m_-2690979729173317446SCXW180211154\" lang=\"PT-BR\">das m\u00fasicas tradicionais<\/span><span class=\"m_-2690979729173317446TextRun m_-2690979729173317446SCXW180211154\" lang=\"PT-BR\">,\u00a0<\/span><span class=\"m_-2690979729173317446TextRun m_-2690979729173317446SCXW180211154\" lang=\"PT-BR\">executadas em solenidades dentro e fora da corpora\u00e7\u00e3o.<\/span><span class=\"m_-2690979729173317446EOP m_-2690979729173317446SCXW180211154\">\u00a0<\/span><\/p>\n<\/div>\n<div class=\"m_-2690979729173317446OutlineElement m_-2690979729173317446Ltr m_-2690979729173317446SCXW180211154\">\n<p class=\"m_-2690979729173317446Paragraph m_-2690979729173317446SCXW180211154\"><span class=\"m_-2690979729173317446EOP m_-2690979729173317446SCXW180211154\">\u00a0<\/span><span class=\"m_-2690979729173317446TextRun m_-2690979729173317446SCXW180211154\" lang=\"PT-BR\">Durante essas duas d\u00e9cadas, foram in\u00fameras apresenta\u00e7\u00f5es de\u00a0<\/span><span class=\"m_-2690979729173317446TextRun m_-2690979729173317446SCXW180211154\" lang=\"PT-BR\">f<\/span><span class=\"m_-2690979729173317446TextRun m_-2690979729173317446SCXW180211154\" lang=\"PT-BR\">ormaturas\u00a0<\/span><span class=\"m_-2690979729173317446TextRun m_-2690979729173317446SCXW180211154\" lang=\"PT-BR\">m<\/span><span class=\"m_-2690979729173317446TextRun m_-2690979729173317446SCXW180211154\" lang=\"PT-BR\">ilitares,\u00a0<\/span><span class=\"m_-2690979729173317446TextRun m_-2690979729173317446SCXW180211154\" lang=\"PT-BR\">a<\/span><span class=\"m_-2690979729173317446TextRun m_-2690979729173317446SCXW180211154\" lang=\"PT-BR\">pres<wbr \/>enta\u00e7\u00f5es musicais em\u00a0<\/span><span class=\"m_-2690979729173317446TextRun m_-2690979729173317446SCXW180211154\" lang=\"PT-BR\">t<\/span><span class=\"m_-2690979729173317446TextRun m_-2690979729173317446SCXW180211154\" lang=\"PT-BR\">eatros como o Teatro S\u00e3o Pedro e\u00a0<\/span><span class=\"m_-2690979729173317446TextRun m_-2690979729173317446SCXW180211154\" lang=\"PT-BR\">o\u00a0<\/span><span class=\"m_-2690979729173317446TextRun m_-2690979729173317446SCXW180211154\" lang=\"PT-BR\">Teatro\u00a0<span class=\"il\">Municipal<\/span>\u00a0de Barueri.\u00a0<\/span><span class=\"m_-2690979729173317446TextRun m_-2690979729173317446SCXW180211154\" lang=\"PT-BR\">Os m\u00fasicos p<\/span><span class=\"m_-2690979729173317446TextRun m_-2690979729173317446SCXW180211154\" lang=\"PT-BR\">romove<\/span><span class=\"m_-2690979729173317446TextRun m_-2690979729173317446SCXW180211154\" lang=\"PT-BR\">ram<\/span><span class=\"m_-2690979729173317446TextRun m_-2690979729173317446SCXW180211154\" lang=\"PT-BR\">\u00a0o Primeiro Encontro de\u00a0<\/span><span class=\"m_-2690979729173317446TextRun m_-2690979729173317446SCXW180211154\" lang=\"PT-BR\">B<\/span><span class=\"m_-2690979729173317446TextRun m_-2690979729173317446SCXW180211154\" lang=\"PT-BR\">andas de\u00a0<\/span><span class=\"m_-2690979729173317446TextRun m_-2690979729173317446SCXW180211154\" lang=\"PT-BR\">M<\/span><span class=\"m_-2690979729173317446TextRun m_-2690979729173317446SCXW180211154\" lang=\"PT-BR\">\u00fasica em Barueri,\u00a0<\/span><span class=\"m_-2690979729173317446TextRun m_-2690979729173317446SCXW180211154\" lang=\"PT-BR\">o<\/span><span class=\"m_-2690979729173317446TextRun m_-2690979729173317446SCXW180211154\" lang=\"PT-BR\">\u00a0Encontro de Corais e o Festival Musicalizando. Apresentou<\/span><span class=\"m_-2690979729173317446TextRun m_-2690979729173317446SCXW180211154\" lang=\"PT-BR\">-se tamb\u00e9m na capital paulista e\u00a0<\/span><span class=\"m_-2690979729173317446TextRun m_-2690979729173317446SCXW180211154\" lang=\"PT-BR\">em v\u00e1rias cidades da Baixada Santista<\/span><span class=\"m_-2690979729173317446TextRun m_-2690979729173317446SCXW180211154\" lang=\"PT-BR\">, al\u00e9m de<\/span><span class=\"m_-2690979729173317446TextRun m_-2690979729173317446SCXW180211154\" lang=\"PT-BR\">\u00a0cidades do interior como Atibaia, Boituva, Itarar\u00e9, Iper\u00f3, Itapecerica da Serra, S\u00e3o Roque, Embu das Artes<\/span><span class=\"m_-2690979729173317446TextRun m_-2690979729173317446SCXW180211154\" lang=\"PT-BR\">\u00a0e<\/span><span class=\"m_-2690979729173317446TextRun m_-2690979729173317446SCXW180211154\" lang=\"PT-BR\">\u00a0Serra Negra<\/span><span class=\"m_-2690979729173317446TextRun m_-2690979729173317446SCXW180211154\" lang=\"PT-BR\">.<\/span><span class=\"m_-2690979729173317446EOP m_-2690979729173317446SCXW180211154\">\u00a0<\/span><\/p>\n<\/div>\n<div class=\"m_-2690979729173317446OutlineElement m_-2690979729173317446Ltr m_-2690979729173317446SCXW180211154\">\n<p class=\"m_-2690979729173317446Paragraph m_-2690979729173317446SCXW180211154\"><span class=\"m_-2690979729173317446EOP m_-2690979729173317446SCXW180211154\">\u00a0<\/span><span class=\"m_-2690979729173317446TextRun m_-2690979729173317446SCXW180211154\" lang=\"PT-BR\">O Corpo Musical da\u00a0<span class=\"il\">Guarda<\/span>\u00a0<\/span><span class=\"m_-2690979729173317446TextRun m_-2690979729173317446SCXW180211154\" lang=\"PT-BR\">de Barueri<\/span><span class=\"m_-2690979729173317446TextRun m_-2690979729173317446SCXW180211154\" lang=\"PT-BR\">\u00a0tem como responsabilidade atender o munic\u00edpio abrilhantando solenidades c\u00edvicas e religiosas, desfiles militares, escolares<\/span><span class=\"m_-2690979729173317446TextRun m_-2690979729173317446SCXW180211154\" lang=\"PT-BR\">\u00a0e<\/span><span class=\"m_-2690979729173317446TextRun m_-2690979729173317446SCXW180211154\" lang=\"PT-BR\">\u00a0competi\u00e7\u00f5es desportivas,<\/span><span class=\"m_-2690979729173317446TextRun m_-2690979729173317446SCXW180211154\" lang=\"PT-BR\"><span class=\"m_-2690979729173317446NormalTextRun m_-2690979729173317446SCXW180211154\">\u00a0<\/span><\/span><span class=\"m_-2690979729173317446TextRun m_-2690979729173317446SCXW180211154\" lang=\"PT-BR\">al\u00e9m de recepcionar autoridades diplom\u00e1ticas, dentre outras fun\u00e7\u00f5es. Dentro da Corpora\u00e7\u00e3o<\/span><span class=\"m_-2690979729173317446TextRun m_-2690979729173317446SCXW180211154\" lang=\"PT-BR\">,<\/span><span class=\"m_-2690979729173317446TextRun m_-2690979729173317446SCXW180211154\" lang=\"PT-BR\">\u00a0o Corpo Musical participa dos desfiles internos, c\u00e2nticos e formaturas.\u00a0<\/span><span class=\"m_-2690979729173317446TextRun m_-2690979729173317446SCXW180211154\" lang=\"PT-BR\"><span class=\"m_-2690979729173317446NormalTextRun m_-2690979729173317446SCXW180211154\">\u00a0<\/span><\/span><span class=\"m_-2690979729173317446TextRun m_-2690979729173317446SCXW180211154\" lang=\"PT-BR\">(Colaborou Valqu\u00edria\u00a0<\/span><span class=\"m_-2690979729173317446TextRun m_-2690979729173317446SCXW180211154\" lang=\"PT-BR\"><span class=\"m_-2690979729173317446SpellingError m_-2690979729173317446SCXW180211154\">Sirot<\/span><\/span><span class=\"m_-2690979729173317446TextRun m_-2690979729173317446SCXW180211154\" lang=\"PT-BR\">, da Secretaria de Cultura e Turismo)<\/span><span class=\"m_-2690979729173317446EOP m_-2690979729173317446SCXW180211154\">\u00a0<\/span><\/p>\n<\/div>","excerpt":"","slug":"3420","image":{"url":false,"id":3421,"extension":""},"all_day":false,"start_date":"2017-09-25 20:00:00","start_date_details":{"year":"2017","month":"09","day":"25","hour":"20","minutes":"00","seconds":"00"},"end_date":"2017-09-25 21:30:00","end_date_details":{"year":"2017","month":"09","day":"25","hour":"21","minutes":"30","seconds":"00"},"utc_start_date":"2017-09-25 23:00:00","utc_start_date_details":{"year":"2017","month":"09","day":"25","hour":"23","minutes":"00","seconds":"00"},"utc_end_date":"2017-09-26 00:30:00","utc_end_date_details":{"year":"2017","month":"09","day":"26","hour":"00","minutes":"30","seconds":"00"},"timezone":"America\/Sao_Paulo","timezone_abbr":"BRT","cost":"Gratuito","cost_details":{"currency_symbol":"","currency_code":"","currency_position":"prefix","values":["0"]},"website":"","show_map":true,"show_map_link":true,"hide_from_listings":false,"sticky":false,"featured":false,"categories":[{"name":"Culturais","slug":"culturais","term_group":0,"term_taxonomy_id":6738,"taxonomy":"tribe_events_cat","description":"","parent":0,"count":513,"filter":"raw","id":6738,"urls":{"self":"https:\/\/baruerieventos.com.br\/site\/wp-json\/tribe\/events\/v1\/categories\/6738","collection":"https:\/\/baruerieventos.com.br\/site\/wp-json\/tribe\/events\/v1\/categories"}},{"name":"Evento Gratu\u00edto","slug":"evento-gratuito","term_group":0,"term_taxonomy_id":6741,"taxonomy":"tribe_events_cat","description":"","parent":0,"count":715,"filter":"raw","id":6741,"urls":{"self":"https:\/\/baruerieventos.com.br\/site\/wp-json\/tribe\/events\/v1\/categories\/6741","collection":"https:\/\/baruerieventos.com.br\/site\/wp-json\/tribe\/events\/v1\/categories"}},{"name":"Shows","slug":"shows","term_group":0,"term_taxonomy_id":6756,"taxonomy":"tribe_events_cat","description":"","parent":0,"count":334,"filter":"raw","id":6756,"urls":{"self":"https:\/\/baruerieventos.com.br\/site\/wp-json\/tribe\/events\/v1\/categories\/6756","collection":"https:\/\/baruerieventos.com.br\/site\/wp-json\/tribe\/events\/v1\/categories"}}],"tags":[],"venue":{"id":72,"author":"1","status":"publish","date":"2015-03-23 16:12:23","date_utc":"2015-03-23 16:12:23","modified":"2015-03-23 16:12:23","modified_utc":"2015-03-23 16:12:23","url":"https:\/\/baruerieventos.com.br\/site\/local\/teatro-municipal-de-barueri\/","venue":"Teatro Municipal de Barueri","description":"<p>Estacionamento gratuito (sujeito \u00e0 lota\u00e7\u00e3o)<\/p>\n<p>&nbsp;<\/p>","slug":"teatro-municipal-de-barueri","address":"Rua Ministro Raphael de Barros Monteiro, 255","city":"Barueri","country":"Brazil","province":"S\u00e3o Paulo","zip":"06410080","phone":"(11) 4198-0972","stateprovince":"S\u00e3o Paulo","json_ld":{"@type":"Place","name":"Teatro Municipal de Barueri","description":"&lt;p&gt;Estacionamento gratuito (sujeito \u00e0 lota\u00e7\u00e3o) &nbsp;&lt;\/p&gt;\\n","url":"","address":{"@type":"PostalAddress","streetAddress":"Rua Ministro Raphael de Barros Monteiro, 255","addressLocality":"Barueri","addressRegion":"S\u00e3o Paulo","postalCode":"06410080","addressCountry":"Brazil"},"telephone":"(11) 4198-0972","sameAs":""},"show_map":true,"show_map_link":true,"global_id":"baruerieventos.com.br\/site?id=72","global_id_lineage":["baruerieventos.com.br\/site?id=72"]},"organizer":[],"custom_fields":[],"json_ld":{"@context":"http:\/\/schema.org","@type":"Event","name":"Corpo Musical da Guarda comemora 20 anos de hist\u00f3ria","description":"&lt;p&gt;Com apresenta\u00e7\u00e3o no TMB,\u00a0Corpo Musical da\u00a0Guarda\u00a0comemora 20 anos de hist\u00f3ria\u00a0 \u00a0\u00a0Para celebrar, no pr\u00f3ximo dia 25\u00a0a banda participar\u00e1 do Segunda Cl\u00e1ssica, no Teatro\u00a0Municipal\u00a0de Barueri,\u00a0\u00e0s 20h.\u00a0\u00a0 \u00a0No repert\u00f3rio\u00a0dos guardas instrumentistas\u00a0estar\u00e3o\u00a0temas famosos,\u00a0sele\u00e7\u00e3o\u00a0do\u00a0Roupa [&hellip;]&lt;\/p&gt;\\n","image":false,"url":"https:\/\/baruerieventos.com.br\/site\/event\/3420\/","eventAttendanceMode":"https:\/\/schema.org\/OfflineEventAttendanceMode","eventStatus":"https:\/\/schema.org\/EventScheduled","startDate":"2017-09-25T20:00:00-03:00","endDate":"2017-09-25T21:30:00-03:00","location":{"@type":"Place","name":"Teatro Municipal de Barueri","description":"&lt;p&gt;Estacionamento gratuito (sujeito \u00e0 lota\u00e7\u00e3o) &nbsp;&lt;\/p&gt;\\n","url":"","address":{"@type":"PostalAddress","streetAddress":"Rua Ministro Raphael de Barros Monteiro, 255","addressLocality":"Barueri","addressRegion":"S\u00e3o Paulo","postalCode":"06410080","addressCountry":"Brazil"},"telephone":"(11) 4198-0972","sameAs":""},"offers":{"@type":"Offer","price":"0","priceCurrency":"USD","url":"https:\/\/baruerieventos.com.br\/site\/event\/3420\/","category":"primary","availability":"inStock","validFrom":"1970-01-01T00:00:00+00:00"},"performer":"Organization"}}