{"id":4227,"global_id":"baruerieventos.com.br\/site?id=4227","global_id_lineage":["baruerieventos.com.br\/site?id=4227"],"author":"2","status":"publish","date":"2018-05-15 12:51:02","date_utc":"2018-05-15 15:51:02","modified":"2018-05-15 12:51:02","modified_utc":"2018-05-15 15:51:02","url":"https:\/\/baruerieventos.com.br\/site\/event\/espetaculo-caminho-da-roca-chega-ao-palco-do-sesi-osasco\/","rest_url":"https:\/\/baruerieventos.com.br\/site\/wp-json\/tribe\/events\/v1\/events\/4227","title":"Espet\u00e1culo &#8220;Caminho da Ro\u00e7a&#8221; chega ao palco do SESI Osasco","description":"<p style=\"font-weight: 400;\"><strong>OM LENDAS E CONTOS CAIPIRAS, ESPET\u00c1CULO NO SESI OSASCO DESTACA O PODER DA IMAGINA\u00c7\u00c3O<\/strong><\/p>\n<p style=\"font-weight: 400;\"><em>A pe\u00e7a inspirada em hist\u00f3rias que preencheram a inf\u00e2ncia de milhares de brasileiros acontece nos dias 18 e 19 de maio. Entrada gratuita.<\/em><\/p>\n<p style=\"font-weight: 400;\"><strong>\u00a0<\/strong>Guiado por moda de viola e personagens do folclore nacional, o espet\u00e1culo\u00a0<em>Caminho da Ro\u00e7a\u00a0<\/em>chega ao palco do SESI Osasco em sess\u00e3o dupla: dia 18 de maio, sexta, \u00e0s 15h, e 19, s\u00e1bado, \u00e0s 16h.<\/p>\n<p style=\"font-weight: 400;\">Os ingressos gratuitos podem ser reservados pelo sistema Meu SESI, no site\u00a0<a href=\"http:\/\/www.sesisp.org.br\/meu-sesi\" data-saferedirecturl=\"https:\/\/www.google.com\/url?hl=pt-BR&amp;q=http:\/\/www.sesisp.org.br\/meu-sesi&amp;source=gmail&amp;ust=1526485106389000&amp;usg=AFQjCNGK-cyqxnRUMpPIrOL-88RrEfvm2w\">www.sesisp.org.br\/meu-sesi<\/a>.<\/p>\n<p>Quando duas comadres se perdem no misterioso caminho da ro\u00e7a, repleto de aventuras, elas recebem a miss\u00e3o de passar adiante as hist\u00f3rias fant\u00e1sticas do vilarejo. Se falharem, as narrativas ser\u00e3o perdidas para sempre. Ao som da viola encantada e guiadas pelo Saci-Perer\u00ea, que as protege da Mula sem Cabe\u00e7a, elas dar\u00e3o vida aos personagens que antes estavam apenas na imagina\u00e7\u00e3o.<\/p>\n<p style=\"font-weight: 400;\">Seja pelo cheiro de bolo de milho ou pela trilha sonora de moda de viola, o espet\u00e1culo\u00a0<em>Caminho da Ro\u00e7a\u00a0<\/em>resgata a ess\u00eancia da cultura caipira sob o olhar maravilhado da crian\u00e7a. A pr\u00f3pria palavra \u201ccaipira\u201d traz em sua origem o cen\u00e1rio l\u00fadico e buc\u00f3lico retratado na montagem. \u00c9 a jun\u00e7\u00e3o de caapora, habitador do mato, com curupira, ser fant\u00e1stico que vive na floresta.<\/p>\n<p style=\"font-weight: 400;\">Como todo bom caipira, os personagens tamb\u00e9m trazem causos e contos de assombra\u00e7\u00e3o, folclore e supersti\u00e7\u00f5es. Enquanto uma av\u00f3 conta a sua neta a hist\u00f3ria das comadres, a pe\u00e7a conecta diferentes gera\u00e7\u00f5es e mostra ao p\u00fablico que os maiores contadores de hist\u00f3rias est\u00e3o dentro de n\u00f3s.<\/p>\n<p style=\"font-weight: 400;\"><strong><u>Ficha t\u00e9cnica<\/u><\/strong><\/p>\n<p style=\"font-weight: 400;\">Dire\u00e7\u00e3o: Eric Nowinski | Dramaturgia: Paulo Rog\u00e9rio Lopes e Simone Grande | Elenco: Antonia Matos e Simone Grande | Atriz substituta: Giuliana Cer | Cen\u00e1rio e figurino: Carolina Bassi | Assistentes de cenografia e figurino: Patr\u00edcia Tiemi e Mariana Godone | Desenho de luz: Eric Nowinski | Dire\u00e7\u00e3o musical: Nina Blauth | Cria\u00e7\u00e3o musical: Antonia Matos, Nina Blauth e Simone Grande | Composi\u00e7\u00e3o &#8220;Catira do Passarinho&#8221;:\u00a0\u00a0Celso Pan | Prepara\u00e7\u00e3o vocal: Suzana Salles | Efeitos sonoros: Daniel Krotoszynski &#8211; DNAudio | Assistente de Palco: Diego Dac e Paulo Pellegrini | Administra\u00e7\u00e3o:\u00a0\u00a0Regiane Moraes | Produ\u00e7\u00e3o: Joice Portes<\/p>\n<p style=\"font-weight: 400;\">\n<p style=\"font-weight: 400;\">Local: SESI Osasco \u2013 Rua Calixto Barbieri, 23\/83<\/p>\n<p style=\"font-weight: 400;\">\n<p style=\"font-weight: 400;\">Datas e hor\u00e1rios: dia 18 de maio, sexta, \u00e0s 15h, e 19, s\u00e1bado, \u00e0s 16h<\/p>\n<p style=\"font-weight: 400;\">Dura\u00e7\u00e3o: 60 minutos<br \/>\nClassifica\u00e7\u00e3o indicativa: Livre<br \/>\nModalidade: Infantil<br \/>\nG\u00eanero: Drama musical<br \/>\nInforma\u00e7\u00f5es: (11) 3602-6200 ramal 7<\/p>\n<p style=\"font-weight: 400;\">Site:\u00a0<a href=\"http:\/\/www.osasco.sesisp.org.br\/\" data-saferedirecturl=\"https:\/\/www.google.com\/url?hl=pt-BR&amp;q=http:\/\/www.osasco.sesisp.org.br&amp;source=gmail&amp;ust=1526485106390000&amp;usg=AFQjCNFWFce7l62LkK0DrEWbQSjsp_gnaA\">www.osasco.sesisp.org.br<\/a><br \/>\nEntrada gratuita \u2013 Reservas antecipadas pelo Meu SESI (<a href=\"http:\/\/www.sesisp.org.br\/meu-sesi\" data-saferedirecturl=\"https:\/\/www.google.com\/url?hl=pt-BR&amp;q=http:\/\/www.sesisp.org.br\/meu-sesi&amp;source=gmail&amp;ust=1526485106390000&amp;usg=AFQjCNEQG2B0EyhkLc0ruVyXmcVkLk4uEw\">www.sesisp.org.br\/meu-sesi<\/a>). Os ingressos ser\u00e3o distribu\u00eddos 01 hora antes do in\u00edcio do espet\u00e1culo.<\/p>\n<p style=\"font-weight: 400;\">\n<p style=\"font-weight: 400;\">","excerpt":"","slug":"espetaculo-caminho-da-roca-chega-ao-palco-do-sesi-osasco","image":{"url":false,"id":4228,"extension":""},"all_day":false,"start_date":"2018-05-18 15:00:00","start_date_details":{"year":"2018","month":"05","day":"18","hour":"15","minutes":"00","seconds":"00"},"end_date":"2018-05-19 17:00:00","end_date_details":{"year":"2018","month":"05","day":"19","hour":"17","minutes":"00","seconds":"00"},"utc_start_date":"2018-05-18 18:00:00","utc_start_date_details":{"year":"2018","month":"05","day":"18","hour":"18","minutes":"00","seconds":"00"},"utc_end_date":"2018-05-19 20:00:00","utc_end_date_details":{"year":"2018","month":"05","day":"19","hour":"20","minutes":"00","seconds":"00"},"timezone":"America\/Sao_Paulo","timezone_abbr":"-03","cost":"Gratuito","cost_details":{"currency_symbol":"","currency_code":"","currency_position":"prefix","values":["0"]},"website":"","show_map":true,"show_map_link":true,"hide_from_listings":false,"sticky":false,"featured":false,"categories":[{"name":"Culturais","slug":"culturais","term_group":0,"term_taxonomy_id":6738,"taxonomy":"tribe_events_cat","description":"","parent":0,"count":513,"filter":"raw","id":6738,"urls":{"self":"https:\/\/baruerieventos.com.br\/site\/wp-json\/tribe\/events\/v1\/categories\/6738","collection":"https:\/\/baruerieventos.com.br\/site\/wp-json\/tribe\/events\/v1\/categories"}},{"name":"Evento Gratu\u00edto","slug":"evento-gratuito","term_group":0,"term_taxonomy_id":6741,"taxonomy":"tribe_events_cat","description":"","parent":0,"count":715,"filter":"raw","id":6741,"urls":{"self":"https:\/\/baruerieventos.com.br\/site\/wp-json\/tribe\/events\/v1\/categories\/6741","collection":"https:\/\/baruerieventos.com.br\/site\/wp-json\/tribe\/events\/v1\/categories"}},{"name":"Infantil","slug":"infantil","term_group":0,"term_taxonomy_id":6748,"taxonomy":"tribe_events_cat","description":"","parent":0,"count":92,"filter":"raw","id":6748,"urls":{"self":"https:\/\/baruerieventos.com.br\/site\/wp-json\/tribe\/events\/v1\/categories\/6748","collection":"https:\/\/baruerieventos.com.br\/site\/wp-json\/tribe\/events\/v1\/categories"}},{"name":"Teatro","slug":"teatro","term_group":0,"term_taxonomy_id":6757,"taxonomy":"tribe_events_cat","description":"","parent":0,"count":147,"filter":"raw","id":6757,"urls":{"self":"https:\/\/baruerieventos.com.br\/site\/wp-json\/tribe\/events\/v1\/categories\/6757","collection":"https:\/\/baruerieventos.com.br\/site\/wp-json\/tribe\/events\/v1\/categories"}}],"tags":[{"name":"Antonia Matos","slug":"antonia-matos","term_group":0,"term_taxonomy_id":512,"taxonomy":"post_tag","description":"","parent":0,"count":1,"filter":"raw","id":512,"urls":{"self":"https:\/\/baruerieventos.com.br\/site\/wp-json\/tribe\/events\/v1\/tags\/512","collection":"https:\/\/baruerieventos.com.br\/site\/wp-json\/tribe\/events\/v1\/tags"}},{"name":"caipira","slug":"caipira","term_group":0,"term_taxonomy_id":1159,"taxonomy":"post_tag","description":"","parent":0,"count":1,"filter":"raw","id":1159,"urls":{"self":"https:\/\/baruerieventos.com.br\/site\/wp-json\/tribe\/events\/v1\/tags\/1159","collection":"https:\/\/baruerieventos.com.br\/site\/wp-json\/tribe\/events\/v1\/tags"}},{"name":"Caminho da Ro\u00e7a resgata a ess\u00eancia da cultura caipira","slug":"caminho-da-roca-resgata-a-essencia-da-cultura-caipira","term_group":0,"term_taxonomy_id":1184,"taxonomy":"post_tag","description":"","parent":0,"count":1,"filter":"raw","id":1184,"urls":{"self":"https:\/\/baruerieventos.com.br\/site\/wp-json\/tribe\/events\/v1\/tags\/1184","collection":"https:\/\/baruerieventos.com.br\/site\/wp-json\/tribe\/events\/v1\/tags"}},{"name":"Carolina Bassi","slug":"carolina-bassi","term_group":0,"term_taxonomy_id":1323,"taxonomy":"post_tag","description":"","parent":0,"count":1,"filter":"raw","id":1323,"urls":{"self":"https:\/\/baruerieventos.com.br\/site\/wp-json\/tribe\/events\/v1\/tags\/1323","collection":"https:\/\/baruerieventos.com.br\/site\/wp-json\/tribe\/events\/v1\/tags"}},{"name":"Catira do Passarinho","slug":"catira-do-passarinho","term_group":0,"term_taxonomy_id":1360,"taxonomy":"post_tag","description":"","parent":0,"count":1,"filter":"raw","id":1360,"urls":{"self":"https:\/\/baruerieventos.com.br\/site\/wp-json\/tribe\/events\/v1\/tags\/1360","collection":"https:\/\/baruerieventos.com.br\/site\/wp-json\/tribe\/events\/v1\/tags"}},{"name":"curupira","slug":"curupira","term_group":0,"term_taxonomy_id":1942,"taxonomy":"post_tag","description":"","parent":0,"count":1,"filter":"raw","id":1942,"urls":{"self":"https:\/\/baruerieventos.com.br\/site\/wp-json\/tribe\/events\/v1\/tags\/1942","collection":"https:\/\/baruerieventos.com.br\/site\/wp-json\/tribe\/events\/v1\/tags"}},{"name":"Daniel Krotoszynski - DNAudio","slug":"daniel-krotoszynski-dnaudio","term_group":0,"term_taxonomy_id":1965,"taxonomy":"post_tag","description":"","parent":0,"count":1,"filter":"raw","id":1965,"urls":{"self":"https:\/\/baruerieventos.com.br\/site\/wp-json\/tribe\/events\/v1\/tags\/1965","collection":"https:\/\/baruerieventos.com.br\/site\/wp-json\/tribe\/events\/v1\/tags"}},{"name":"Diego Dac","slug":"diego-dac","term_group":0,"term_taxonomy_id":2115,"taxonomy":"post_tag","description":"","parent":0,"count":1,"filter":"raw","id":2115,"urls":{"self":"https:\/\/baruerieventos.com.br\/site\/wp-json\/tribe\/events\/v1\/tags\/2115","collection":"https:\/\/baruerieventos.com.br\/site\/wp-json\/tribe\/events\/v1\/tags"}},{"name":"Eric Nowinski","slug":"eric-nowinski","term_group":0,"term_taxonomy_id":2393,"taxonomy":"post_tag","description":"","parent":0,"count":1,"filter":"raw","id":2393,"urls":{"self":"https:\/\/baruerieventos.com.br\/site\/wp-json\/tribe\/events\/v1\/tags\/2393","collection":"https:\/\/baruerieventos.com.br\/site\/wp-json\/tribe\/events\/v1\/tags"}},{"name":"Espet\u00e1culo \"Caminho da Ro\u00e7a\"","slug":"espetaculo-caminho-da-roca","term_group":0,"term_taxonomy_id":2468,"taxonomy":"post_tag","description":"","parent":0,"count":1,"filter":"raw","id":2468,"urls":{"self":"https:\/\/baruerieventos.com.br\/site\/wp-json\/tribe\/events\/v1\/tags\/2468","collection":"https:\/\/baruerieventos.com.br\/site\/wp-json\/tribe\/events\/v1\/tags"}},{"name":"Giuliana Cer","slug":"giuliana-cer","term_group":0,"term_taxonomy_id":3180,"taxonomy":"post_tag","description":"","parent":0,"count":1,"filter":"raw","id":3180,"urls":{"self":"https:\/\/baruerieventos.com.br\/site\/wp-json\/tribe\/events\/v1\/tags\/3180","collection":"https:\/\/baruerieventos.com.br\/site\/wp-json\/tribe\/events\/v1\/tags"}},{"name":"Joice Portes","slug":"joice-portes","term_group":0,"term_taxonomy_id":3662,"taxonomy":"post_tag","description":"","parent":0,"count":1,"filter":"raw","id":3662,"urls":{"self":"https:\/\/baruerieventos.com.br\/site\/wp-json\/tribe\/events\/v1\/tags\/3662","collection":"https:\/\/baruerieventos.com.br\/site\/wp-json\/tribe\/events\/v1\/tags"}},{"name":"Mariana Godone","slug":"mariana-godone","term_group":0,"term_taxonomy_id":4133,"taxonomy":"post_tag","description":"","parent":0,"count":1,"filter":"raw","id":4133,"urls":{"self":"https:\/\/baruerieventos.com.br\/site\/wp-json\/tribe\/events\/v1\/tags\/4133","collection":"https:\/\/baruerieventos.com.br\/site\/wp-json\/tribe\/events\/v1\/tags"}},{"name":"Nina Blauth","slug":"nina-blauth","term_group":0,"term_taxonomy_id":4538,"taxonomy":"post_tag","description":"","parent":0,"count":1,"filter":"raw","id":4538,"urls":{"self":"https:\/\/baruerieventos.com.br\/site\/wp-json\/tribe\/events\/v1\/tags\/4538","collection":"https:\/\/baruerieventos.com.br\/site\/wp-json\/tribe\/events\/v1\/tags"}},{"name":"Patr\u00edcia Tiemi","slug":"patricia-tiemi","term_group":0,"term_taxonomy_id":4924,"taxonomy":"post_tag","description":"","parent":0,"count":1,"filter":"raw","id":4924,"urls":{"self":"https:\/\/baruerieventos.com.br\/site\/wp-json\/tribe\/events\/v1\/tags\/4924","collection":"https:\/\/baruerieventos.com.br\/site\/wp-json\/tribe\/events\/v1\/tags"}},{"name":"Paulo Pellegrini |","slug":"paulo-pellegrini","term_group":0,"term_taxonomy_id":4956,"taxonomy":"post_tag","description":"","parent":0,"count":1,"filter":"raw","id":4956,"urls":{"self":"https:\/\/baruerieventos.com.br\/site\/wp-json\/tribe\/events\/v1\/tags\/4956","collection":"https:\/\/baruerieventos.com.br\/site\/wp-json\/tribe\/events\/v1\/tags"}},{"name":"Paulo Rog\u00e9rio Lopes","slug":"paulo-rogerio-lopes","term_group":0,"term_taxonomy_id":4960,"taxonomy":"post_tag","description":"","parent":0,"count":1,"filter":"raw","id":4960,"urls":{"self":"https:\/\/baruerieventos.com.br\/site\/wp-json\/tribe\/events\/v1\/tags\/4960","collection":"https:\/\/baruerieventos.com.br\/site\/wp-json\/tribe\/events\/v1\/tags"}},{"name":"Regiane Moraes","slug":"regiane-moraes","term_group":0,"term_taxonomy_id":5405,"taxonomy":"post_tag","description":"","parent":0,"count":1,"filter":"raw","id":5405,"urls":{"self":"https:\/\/baruerieventos.com.br\/site\/wp-json\/tribe\/events\/v1\/tags\/5405","collection":"https:\/\/baruerieventos.com.br\/site\/wp-json\/tribe\/events\/v1\/tags"}},{"name":"Saci-Perer\u00ea","slug":"saci-perere","term_group":0,"term_taxonomy_id":5603,"taxonomy":"post_tag","description":"","parent":0,"count":1,"filter":"raw","id":5603,"urls":{"self":"https:\/\/baruerieventos.com.br\/site\/wp-json\/tribe\/events\/v1\/tags\/5603","collection":"https:\/\/baruerieventos.com.br\/site\/wp-json\/tribe\/events\/v1\/tags"}},{"name":"Sesi Osasco","slug":"sesi-osasco","term_group":0,"term_taxonomy_id":5853,"taxonomy":"post_tag","description":"","parent":0,"count":9,"filter":"raw","id":5853,"urls":{"self":"https:\/\/baruerieventos.com.br\/site\/wp-json\/tribe\/events\/v1\/tags\/5853","collection":"https:\/\/baruerieventos.com.br\/site\/wp-json\/tribe\/events\/v1\/tags"}},{"name":"Simone Grande","slug":"simone-grande","term_group":0,"term_taxonomy_id":5961,"taxonomy":"post_tag","description":"","parent":0,"count":1,"filter":"raw","id":5961,"urls":{"self":"https:\/\/baruerieventos.com.br\/site\/wp-json\/tribe\/events\/v1\/tags\/5961","collection":"https:\/\/baruerieventos.com.br\/site\/wp-json\/tribe\/events\/v1\/tags"}},{"name":"som da viola","slug":"som-da-viola","term_group":0,"term_taxonomy_id":6011,"taxonomy":"post_tag","description":"","parent":0,"count":1,"filter":"raw","id":6011,"urls":{"self":"https:\/\/baruerieventos.com.br\/site\/wp-json\/tribe\/events\/v1\/tags\/6011","collection":"https:\/\/baruerieventos.com.br\/site\/wp-json\/tribe\/events\/v1\/tags"}}],"venue":{"id":3953,"author":"1","status":"publish","date":"2018-03-14 12:44:27","date_utc":"2018-03-14 15:44:27","modified":"2018-03-14 12:44:27","modified_utc":"2018-03-14 15:44:27","url":"https:\/\/baruerieventos.com.br\/site\/local\/sesi-osasco\/","venue":"Sesi Osasco","slug":"sesi-osasco","address":"Rua Calixto Barbieri, 23\/83","city":"Osasco","country":"Brasil","province":"S\u00e3o Paulo","phone":"(11) 3602-6200","website":"http:\/\/www.sesisp.org.br","stateprovince":"S\u00e3o Paulo","json_ld":{"@type":"Place","name":"Sesi Osasco","description":"","url":"","address":{"@type":"PostalAddress","streetAddress":"Rua Calixto Barbieri, 23\/83","addressLocality":"Osasco","addressRegion":"S\u00e3o Paulo","addressCountry":"Brasil"},"telephone":"(11) 3602-6200","sameAs":"http:\/\/www.sesisp.org.br"},"show_map":true,"show_map_link":true,"global_id":"baruerieventos.com.br\/site?id=3953","global_id_lineage":["baruerieventos.com.br\/site?id=3953"]},"organizer":[],"custom_fields":[],"json_ld":{"@context":"http:\/\/schema.org","@type":"Event","name":"Espet\u00e1culo &#8220;Caminho da Ro\u00e7a&#8221; chega ao palco do SESI Osasco","description":"&lt;p&gt;OM LENDAS E CONTOS CAIPIRAS, ESPET\u00c1CULO NO SESI OSASCO DESTACA O PODER DA IMAGINA\u00c7\u00c3O A pe\u00e7a inspirada em hist\u00f3rias que preencheram a inf\u00e2ncia de milhares de brasileiros acontece nos dias [&hellip;]&lt;\/p&gt;\\n","image":false,"url":"https:\/\/baruerieventos.com.br\/site\/event\/espetaculo-caminho-da-roca-chega-ao-palco-do-sesi-osasco\/","eventAttendanceMode":"https:\/\/schema.org\/OfflineEventAttendanceMode","eventStatus":"https:\/\/schema.org\/EventScheduled","startDate":"2018-05-18T15:00:00-03:00","endDate":"2018-05-19T17:00:00-03:00","location":{"@type":"Place","name":"Sesi Osasco","description":"","url":"","address":{"@type":"PostalAddress","streetAddress":"Rua Calixto Barbieri, 23\/83","addressLocality":"Osasco","addressRegion":"S\u00e3o Paulo","addressCountry":"Brasil"},"telephone":"(11) 3602-6200","sameAs":"http:\/\/www.sesisp.org.br"},"offers":{"@type":"Offer","price":"0","priceCurrency":"USD","url":"https:\/\/baruerieventos.com.br\/site\/event\/espetaculo-caminho-da-roca-chega-ao-palco-do-sesi-osasco\/","category":"primary","availability":"inStock","validFrom":"1970-01-01T00:00:00+00:00"},"performer":"Organization"}}