{"id":4749,"global_id":"baruerieventos.com.br\/site?id=4749","global_id_lineage":["baruerieventos.com.br\/site?id=4749"],"author":"2","status":"publish","date":"2018-11-28 16:55:29","date_utc":"2018-11-28 18:55:29","modified":"2018-11-28 16:55:29","modified_utc":"2018-11-28 18:55:29","url":"https:\/\/baruerieventos.com.br\/site\/event\/cultura-no-parque-com-violeiro-jean-carrero\/","rest_url":"https:\/\/baruerieventos.com.br\/site\/wp-json\/tribe\/events\/v1\/events\/4749","title":"Cultura no Parque com &#8220;Violeiro Jean Carrero&#8221;.","description":"<div class=\"m_-1565673952663604847OutlineElement m_-1565673952663604847Ltr m_-1565673952663604847SCXW197174533\">\n<p class=\"m_-1565673952663604847Paragraph m_-1565673952663604847SCXW197174533\"><span class=\"m_-1565673952663604847TextRun m_-1565673952663604847SCXW197174533\" lang=\"PT-BR\">Domingo no Parque Municipal Dom Jos\u00e9, \u00e0s 11h, o m\u00fasico de\u00a0<\/span><span class=\"m_-1565673952663604847TextRun m_-1565673952663604847SCXW197174533\" lang=\"PT-BR\">Barueri \u201c<\/span><span class=\"m_-1565673952663604847TextRun m_-1565673952663604847SCXW197174533\" lang=\"PT-BR\">Violeiro Jean Carreiro\u201d leva ao palco do bosque os grandes sucessos da m\u00fasica caipira. <\/span><\/p>\n<p class=\"m_-1565673952663604847Paragraph m_-1565673952663604847SCXW197174533\"><span class=\"m_-1565673952663604847TextRun m_-1565673952663604847SCXW197174533\" lang=\"PT-BR\">Jean segue carreira solo desde o ano passado<\/span><span class=\"m_-1565673952663604847TextRun m_-1565673952663604847SCXW197174533\" lang=\"PT-BR\">\u00a0e\u00a0<\/span><span class=\"m_-1565673952663604847TextRun m_-1565673952663604847SCXW197174533\" lang=\"PT-BR\">gravou\u00a0<\/span><span class=\"m_-1565673952663604847TextRun m_-1565673952663604847SCXW197174533\" lang=\"PT-BR\">ainda\u00a0<\/span><span class=\"m_-1565673952663604847TextRun m_-1565673952663604847SCXW197174533\" lang=\"PT-BR\">seu primeiro CD \u201cViola Doce Presente\u201d. O Cultura no Parque acontece todo domingo, \u00e0s 11h e a entrada \u00e9 franca.<\/span><span class=\"m_-1565673952663604847EOP m_-1565673952663604847SCXW197174533\">\u00a0<\/span><\/p>\n<\/div>\n<div class=\"m_-1565673952663604847OutlineElement m_-1565673952663604847Ltr m_-1565673952663604847SCXW197174533\">\n<p class=\"m_-1565673952663604847Paragraph m_-1565673952663604847SCXW197174533\"><span class=\"m_-1565673952663604847EOP m_-1565673952663604847SCXW197174533\">\u00a0<\/span><\/p>\n<\/div>\n<div class=\"m_-1565673952663604847OutlineElement m_-1565673952663604847Ltr m_-1565673952663604847SCXW197174533\">\n<p class=\"m_-1565673952663604847Paragraph m_-1565673952663604847SCXW197174533\"><span class=\"m_-1565673952663604847TextRun m_-1565673952663604847SCXW197174533\" lang=\"PT-BR\">Onde:<\/span><span class=\"m_-1565673952663604847TextRun m_-1565673952663604847SCXW197174533\" lang=\"PT-BR\">\u00a0Parque Municipal Dom Jos\u00e9,\u00a0<\/span><span class=\"m_-1565673952663604847TextRun m_-1565673952663604847SCXW197174533\" lang=\"PT-BR\">rua<\/span><span class=\"m_-1565673952663604847TextRun m_-1565673952663604847SCXW197174533\" lang=\"PT-BR\">\u00a0\u00c2ngela Mirella, 500, Vila Porto.<\/span><span class=\"m_-1565673952663604847EOP m_-1565673952663604847SCXW197174533\">\u00a0<\/span><\/p>\n<\/div>\n<div class=\"m_-1565673952663604847OutlineElement m_-1565673952663604847Ltr m_-1565673952663604847SCXW197174533\">\n<p class=\"m_-1565673952663604847Paragraph m_-1565673952663604847SCXW197174533\"><span class=\"m_-1565673952663604847EOP m_-1565673952663604847SCXW197174533\">\u00a0<\/span><\/p>\n<\/div>","excerpt":"","slug":"cultura-no-parque-com-violeiro-jean-carrero","image":{"url":false,"id":4754,"extension":""},"all_day":false,"start_date":"2018-12-02 11:00:00","start_date_details":{"year":"2018","month":"12","day":"02","hour":"11","minutes":"00","seconds":"00"},"end_date":"2018-12-02 13:00:00","end_date_details":{"year":"2018","month":"12","day":"02","hour":"13","minutes":"00","seconds":"00"},"utc_start_date":"2018-12-02 13:00:00","utc_start_date_details":{"year":"2018","month":"12","day":"02","hour":"13","minutes":"00","seconds":"00"},"utc_end_date":"2018-12-02 15:00:00","utc_end_date_details":{"year":"2018","month":"12","day":"02","hour":"15","minutes":"00","seconds":"00"},"timezone":"America\/Sao_Paulo","timezone_abbr":"BRST","cost":"Gratuito","cost_details":{"currency_symbol":"","currency_code":"","currency_position":"prefix","values":["0"]},"website":"","show_map":true,"show_map_link":true,"hide_from_listings":false,"sticky":false,"featured":false,"categories":[{"name":"Culturais","slug":"culturais","term_group":0,"term_taxonomy_id":6738,"taxonomy":"tribe_events_cat","description":"","parent":0,"count":513,"filter":"raw","id":6738,"urls":{"self":"https:\/\/baruerieventos.com.br\/site\/wp-json\/tribe\/events\/v1\/categories\/6738","collection":"https:\/\/baruerieventos.com.br\/site\/wp-json\/tribe\/events\/v1\/categories"}},{"name":"Evento Gratu\u00edto","slug":"evento-gratuito","term_group":0,"term_taxonomy_id":6741,"taxonomy":"tribe_events_cat","description":"","parent":0,"count":715,"filter":"raw","id":6741,"urls":{"self":"https:\/\/baruerieventos.com.br\/site\/wp-json\/tribe\/events\/v1\/categories\/6741","collection":"https:\/\/baruerieventos.com.br\/site\/wp-json\/tribe\/events\/v1\/categories"}},{"name":"Musicais","slug":"musicais","term_group":0,"term_taxonomy_id":6750,"taxonomy":"tribe_events_cat","description":"","parent":0,"count":340,"filter":"raw","id":6750,"urls":{"self":"https:\/\/baruerieventos.com.br\/site\/wp-json\/tribe\/events\/v1\/categories\/6750","collection":"https:\/\/baruerieventos.com.br\/site\/wp-json\/tribe\/events\/v1\/categories"}}],"tags":[{"name":"Cultura no Parque","slug":"cultura-no-parque","term_group":0,"term_taxonomy_id":1886,"taxonomy":"post_tag","description":"","parent":0,"count":19,"filter":"raw","id":1886,"urls":{"self":"https:\/\/baruerieventos.com.br\/site\/wp-json\/tribe\/events\/v1\/tags\/1886","collection":"https:\/\/baruerieventos.com.br\/site\/wp-json\/tribe\/events\/v1\/tags"}},{"name":"Cultura no Parque com \"Violeiro Jean Carrero\"","slug":"cultura-no-parque-com-violeiro-jean-carrero","term_group":0,"term_taxonomy_id":1889,"taxonomy":"post_tag","description":"","parent":0,"count":1,"filter":"raw","id":1889,"urls":{"self":"https:\/\/baruerieventos.com.br\/site\/wp-json\/tribe\/events\/v1\/tags\/1889","collection":"https:\/\/baruerieventos.com.br\/site\/wp-json\/tribe\/events\/v1\/tags"}},{"name":"Jean","slug":"jean","term_group":0,"term_taxonomy_id":3593,"taxonomy":"post_tag","description":"","parent":0,"count":1,"filter":"raw","id":3593,"urls":{"self":"https:\/\/baruerieventos.com.br\/site\/wp-json\/tribe\/events\/v1\/tags\/3593","collection":"https:\/\/baruerieventos.com.br\/site\/wp-json\/tribe\/events\/v1\/tags"}},{"name":"m\u00fasica caipira.","slug":"musica-caipira","term_group":0,"term_taxonomy_id":4424,"taxonomy":"post_tag","description":"","parent":0,"count":1,"filter":"raw","id":4424,"urls":{"self":"https:\/\/baruerieventos.com.br\/site\/wp-json\/tribe\/events\/v1\/tags\/4424","collection":"https:\/\/baruerieventos.com.br\/site\/wp-json\/tribe\/events\/v1\/tags"}},{"name":"m\u00fasico de Barueri","slug":"musico-de-barueri","term_group":0,"term_taxonomy_id":4459,"taxonomy":"post_tag","description":"","parent":0,"count":1,"filter":"raw","id":4459,"urls":{"self":"https:\/\/baruerieventos.com.br\/site\/wp-json\/tribe\/events\/v1\/tags\/4459","collection":"https:\/\/baruerieventos.com.br\/site\/wp-json\/tribe\/events\/v1\/tags"}},{"name":"Parque Municipal Dom Jos\u00e9","slug":"parque-municipal-dom-jose","term_group":0,"term_taxonomy_id":4900,"taxonomy":"post_tag","description":"","parent":0,"count":14,"filter":"raw","id":4900,"urls":{"self":"https:\/\/baruerieventos.com.br\/site\/wp-json\/tribe\/events\/v1\/tags\/4900","collection":"https:\/\/baruerieventos.com.br\/site\/wp-json\/tribe\/events\/v1\/tags"}},{"name":"Viola Doce Presente","slug":"viola-doce-presente","term_group":0,"term_taxonomy_id":6525,"taxonomy":"post_tag","description":"","parent":0,"count":1,"filter":"raw","id":6525,"urls":{"self":"https:\/\/baruerieventos.com.br\/site\/wp-json\/tribe\/events\/v1\/tags\/6525","collection":"https:\/\/baruerieventos.com.br\/site\/wp-json\/tribe\/events\/v1\/tags"}},{"name":"Violeiro Jean Carreiro","slug":"violeiro-jean-carreiro","term_group":0,"term_taxonomy_id":6531,"taxonomy":"post_tag","description":"","parent":0,"count":1,"filter":"raw","id":6531,"urls":{"self":"https:\/\/baruerieventos.com.br\/site\/wp-json\/tribe\/events\/v1\/tags\/6531","collection":"https:\/\/baruerieventos.com.br\/site\/wp-json\/tribe\/events\/v1\/tags"}}],"venue":{"id":109,"author":"1","status":"publish","date":"2015-04-17 16:24:13","date_utc":"2015-04-17 16:24:13","modified":"2015-04-17 16:24:13","modified_utc":"2015-04-17 16:24:13","url":"https:\/\/baruerieventos.com.br\/site\/local\/parque-municipal-dom-jose\/","venue":"Parque Municipal Dom Jos\u00e9","slug":"parque-municipal-dom-jose","address":"rua Angela Mirela, 500","city":"Barueri","country":"Brazil","province":"S\u00e3o Paulo","zip":"06411-330","phone":"11 4198-5445","stateprovince":"S\u00e3o Paulo","json_ld":{"@type":"Place","name":"Parque Municipal Dom Jos\u00e9","description":"","url":"","address":{"@type":"PostalAddress","streetAddress":"rua Angela Mirela, 500","addressLocality":"Barueri","addressRegion":"S\u00e3o Paulo","postalCode":"06411-330","addressCountry":"Brazil"},"telephone":"11 4198-5445","sameAs":""},"show_map":true,"show_map_link":true,"global_id":"baruerieventos.com.br\/site?id=109","global_id_lineage":["baruerieventos.com.br\/site?id=109"]},"organizer":[],"custom_fields":[],"json_ld":{"@context":"http:\/\/schema.org","@type":"Event","name":"Cultura no Parque com &#8220;Violeiro Jean Carrero&#8221;.","description":"&lt;p&gt;Domingo no Parque Municipal Dom Jos\u00e9, \u00e0s 11h, o m\u00fasico de\u00a0Barueri \u201cVioleiro Jean Carreiro\u201d leva ao palco do bosque os grandes sucessos da m\u00fasica caipira. Jean segue carreira solo desde [&hellip;]&lt;\/p&gt;\\n","image":false,"url":"https:\/\/baruerieventos.com.br\/site\/event\/cultura-no-parque-com-violeiro-jean-carrero\/","eventAttendanceMode":"https:\/\/schema.org\/OfflineEventAttendanceMode","eventStatus":"https:\/\/schema.org\/EventScheduled","startDate":"2018-12-02T11:00:00-02:00","endDate":"2018-12-02T13:00:00-02:00","location":{"@type":"Place","name":"Parque Municipal Dom Jos\u00e9","description":"","url":"","address":{"@type":"PostalAddress","streetAddress":"rua Angela Mirela, 500","addressLocality":"Barueri","addressRegion":"S\u00e3o Paulo","postalCode":"06411-330","addressCountry":"Brazil"},"telephone":"11 4198-5445","sameAs":""},"offers":{"@type":"Offer","price":"0","priceCurrency":"USD","url":"https:\/\/baruerieventos.com.br\/site\/event\/cultura-no-parque-com-violeiro-jean-carrero\/","category":"primary","availability":"inStock","validFrom":"1970-01-01T00:00:00+00:00"},"performer":"Organization"}}