{"id":6063,"global_id":"baruerieventos.com.br\/site?id=6063","global_id_lineage":["baruerieventos.com.br\/site?id=6063"],"author":"2","status":"publish","date":"2019-06-11 16:35:48","date_utc":"2019-06-11 19:35:48","modified":"2019-06-11 16:35:48","modified_utc":"2019-06-11 19:35:48","url":"https:\/\/baruerieventos.com.br\/site\/event\/banda-supercombo-em-osasco\/","rest_url":"https:\/\/baruerieventos.com.br\/site\/wp-json\/tribe\/events\/v1\/events\/6063","title":"Banda Supercombo em Osasco","description":"<p>Banda Supercombo apresenta a turn\u00ea Adeus, Aurora em Osasco<\/p>\n<div>\n<p>No dia <strong>15 de junho<\/strong>\u00a0a\u00a0<strong>Supercombo\u00a0<\/strong>se apresenta no\u00a0 <strong>Teatro ASPRO<\/strong>\u00a0em\u00a0\u00a0<strong>Osasco <\/strong>com o repert\u00f3rio do seu mais novo \u00e1lbum <strong>&#8220;Adeus, Aurora<\/strong>&#8220;. A banda cantar\u00e1 sucessos que marcaram a sua trajet\u00f3ria como: <strong>Piloto autom\u00e1tico e Amianto.<\/strong><\/p>\n<p>Em mar\u00e7o desse ano a Supercombo apresentou seu novo \u00e1lbum de est\u00fadio <strong>\u201cAdeus, Aurora\u201d<\/strong>. O trabalho leva o mesmo nome da revista em quadrinhos que a banda lan\u00e7ou no final do ano passado. As m\u00fasicas podem ser ouvidas como trilha sonora da HQ, e ao mesmo tempo funcionam de forma individual, com temas ligados \u00e0 nossa sociedade moderna.<\/p>\n<p>O novo \u00e1lbum da banda conta com 10 faixas autorais e in\u00e9ditas. As can\u00e7\u00f5es que comp\u00f5em o CD s\u00e3o\u00a0<strong>\u201cGuarda Chuva\u201d, \u201cO Guerreiro e a Selva\u201d, \u201cMenina Largata\u201d, Robozin\u201d, \u201c2 e 1\u201d, \u201cMeu Colorista\u201d, \u201cParafuso a Menos\u201d \u201cCela\u201d, \u201cXepa das Estrelas<\/strong>\u00a0e\u00a0<strong>\u201cMaremotos\u201d<\/strong>\u00a0que j\u00e1 conta com mais de 1,5 milh\u00f5es de views no YouTube.<\/p>\n<p><strong>Maremotos<\/strong><br \/>\n<iframe loading=\"lazy\" src=\"https:\/\/www.youtube.com\/embed\/Us7kEfLf5rY\" width=\"560\" height=\"315\" frameborder=\"0\" allowfullscreen=\"allowfullscreen\"><\/iframe><\/p>\n<\/div>\n<p>Formada por Leo Ramos (voz e guitarra), Pedro \u201cToledo\u201d Ramos (guitarra e voz), Carol Navarro (baixo e voz), Paulo Vaz (teclado) e Andr\u00e9 Dea (bateria) a banda Supercombo j\u00e1 conta com 5 \u00e1lbuns lan\u00e7ados e um EP: <strong>Festa? (2007), Sal Grosso (2011), Supercombo (2012), Amianto (2014), Rog\u00e9rio (2016) e Adeus, Aurora (2019).<\/strong><\/p>\n<div>\n<p>\u201cSempre amei HQ\u2019s e finalmente conseguimos juntar duas coisas em uma s\u00f3, \u00e9 muito legal poder desenvolver letras e arranjos que expressam a\u00e7\u00f5es e rela\u00e7\u00f5es entre personagens sem ter a obriga\u00e7\u00e3o de ser ao p\u00e9 da letra seguindo um vi\u00e9s mais po\u00e9tico\u201d<br \/>\n<strong>Leonardo Ramos<\/strong><\/p>\n<p>Recentemente a Supercombo anunciou a entrada do novo integrante, o baterista Andr\u00e9 Dea, que j\u00e1 vinha fazendo alguns trabalhos com a banda e recebeu o convite oficial em 2019 para integrar o grupo.<\/p>\n<p><em>\u201cEm setembro de 2017, fui chamado pra fazer meu primeiro show com a Supercombo. Foi incr\u00edvel. A partir da\u00ed me apaixonei mais pelo som e rolou uma qu\u00edmica legal entre a gente.Quando recebi o convite pra assumir definitivamente as baquetas, fiquei extremamente feliz. \u201d<\/em> <strong>Andr\u00e9 Dea<\/strong><\/p>\n<p><strong>Redes Sociais:<\/strong><\/p>\n<p><strong>Facebook<\/strong>:<a href=\"https:\/\/web.facebook.com\/supercombooficial\" target=\"_blank\" rel=\"noopener\" data-saferedirecturl=\"https:\/\/www.google.com\/url?q=https:\/\/web.facebook.com\/supercombooficial&amp;source=gmail&amp;ust=1560367673493000&amp;usg=AFQjCNGzVpb8vAOQPZlqHyjOsqbij7nujg\">\u00a0https:\/\/web.<wbr \/>facebook.com\/supercombooficial<\/a><\/p>\n<p><strong>Youtube:<\/strong><a href=\"http:\/\/www.youtube.com\/user\/supercomborock\" target=\"_blank\" rel=\"noopener\" data-saferedirecturl=\"https:\/\/www.google.com\/url?q=http:\/\/www.youtube.com\/user\/supercomborock&amp;source=gmail&amp;ust=1560367673493000&amp;usg=AFQjCNFPJeSwjHcyf41BeMkr0WrlrlGoJA\">\u00a0www.youtube.com\/user\/<wbr \/>supercomborock<\/a><\/p>\n<p><strong>Instagram:<\/strong><a href=\"http:\/\/www.instagram.com\/supercombooficial\" target=\"_blank\" rel=\"noopener\" data-saferedirecturl=\"https:\/\/www.google.com\/url?q=http:\/\/www.instagram.com\/supercombooficial&amp;source=gmail&amp;ust=1560367673493000&amp;usg=AFQjCNHClLBIEFtbjD8iuCffyYS-F9GsjQ\">\u00a0www.instagram.com\/<wbr \/>supercombooficial\u00a0<\/a><\/p>\n<p><strong>Site:<\/strong><a href=\"http:\/\/www.supercomborock.com\/\" target=\"_blank\" rel=\"noopener\" data-saferedirecturl=\"https:\/\/www.google.com\/url?q=http:\/\/www.supercomborock.com\/&amp;source=gmail&amp;ust=1560367673493000&amp;usg=AFQjCNHmEqMkc80OTudJzi3Diea21ROMXQ\">\u00a0www.supercomborock.com<\/a><\/p>\n<p><strong>Confira o \u00e1lbum nas plataformas digitais:\u00a0<a href=\"http:\/\/ditto.fm\/supercomboadeusaurora\" target=\"_blank\" rel=\"noopener\" data-saferedirecturl=\"https:\/\/www.google.com\/url?q=http:\/\/ditto.fm\/supercomboadeusaurora&amp;source=gmail&amp;ust=1560367673493000&amp;usg=AFQjCNHYKj2P5fpi2BmSUvhfIOAhnPAqiA\">http:\/\/ditto.fm\/<wbr \/>supercomboadeusaurora<\/a><\/strong><\/p>\n<p><strong>Local:<\/strong> Teatro ASPRO<br \/>\n<strong>Data<\/strong>: 15\/06<br \/>\n<strong>Hor\u00e1rio<\/strong>: 20h<br \/>\n<strong>Endere\u00e7o:<\/strong><span class=\"m_3167872582427144489w8qArf\"> Rua Joaquim Dias de Oliveira, 22 &#8211; Vila dos Rem\u00e9dios &#8211; Osasco\u00a0<\/span><br \/>\n<strong>Valores: <\/strong>R$ 50,00 (meia entrada)\u00a0 Plat\u00e9ia setor 1 e R$ 40,00 (meia entrada) Plateia setor 2.<\/p>\n<p><strong>Ingressos dispon\u00edveis no site:\u00a0<a href=\"https:\/\/ticketbrasil.com.br\/show\/6867-scatocombo-osasco-sp\/\" target=\"_blank\" rel=\"noopener\" data-saferedirecturl=\"https:\/\/www.google.com\/url?q=https:\/\/ticketbrasil.com.br\/show\/6867-scatocombo-osasco-sp\/&amp;source=gmail&amp;ust=1560367673493000&amp;usg=AFQjCNGhjmOR-iFfVRY0yVwkmm95_7YK_Q\">https:\/\/ticketbrasil.<wbr \/>com.br\/show\/6867-scatocombo-<wbr \/>osasco-sp\/<\/a><\/strong><\/p>\n<\/div>","excerpt":"","slug":"banda-supercombo-em-osasco","image":{"url":false,"id":6066,"extension":""},"all_day":false,"start_date":"2019-06-15 20:00:00","start_date_details":{"year":"2019","month":"06","day":"15","hour":"20","minutes":"00","seconds":"00"},"end_date":"2019-06-15 22:00:00","end_date_details":{"year":"2019","month":"06","day":"15","hour":"22","minutes":"00","seconds":"00"},"utc_start_date":"2019-06-15 23:00:00","utc_start_date_details":{"year":"2019","month":"06","day":"15","hour":"23","minutes":"00","seconds":"00"},"utc_end_date":"2019-06-16 01:00:00","utc_end_date_details":{"year":"2019","month":"06","day":"16","hour":"01","minutes":"00","seconds":"00"},"timezone":"America\/Sao_Paulo","timezone_abbr":"BRST","cost":"","cost_details":{"currency_symbol":"","currency_code":"","currency_position":"prefix","values":[]},"website":"","show_map":true,"show_map_link":true,"hide_from_listings":false,"sticky":false,"featured":false,"categories":[{"name":"Evento Gratu\u00edto","slug":"evento-gratuito","term_group":0,"term_taxonomy_id":6741,"taxonomy":"tribe_events_cat","description":"","parent":0,"count":715,"filter":"raw","id":6741,"urls":{"self":"https:\/\/baruerieventos.com.br\/site\/wp-json\/tribe\/events\/v1\/categories\/6741","collection":"https:\/\/baruerieventos.com.br\/site\/wp-json\/tribe\/events\/v1\/categories"}},{"name":"Musicais","slug":"musicais","term_group":0,"term_taxonomy_id":6750,"taxonomy":"tribe_events_cat","description":"","parent":0,"count":340,"filter":"raw","id":6750,"urls":{"self":"https:\/\/baruerieventos.com.br\/site\/wp-json\/tribe\/events\/v1\/categories\/6750","collection":"https:\/\/baruerieventos.com.br\/site\/wp-json\/tribe\/events\/v1\/categories"}},{"name":"Shows","slug":"shows","term_group":0,"term_taxonomy_id":6756,"taxonomy":"tribe_events_cat","description":"","parent":0,"count":334,"filter":"raw","id":6756,"urls":{"self":"https:\/\/baruerieventos.com.br\/site\/wp-json\/tribe\/events\/v1\/categories\/6756","collection":"https:\/\/baruerieventos.com.br\/site\/wp-json\/tribe\/events\/v1\/categories"}}],"tags":[{"name":"Adeus","slug":"adeus","term_group":0,"term_taxonomy_id":282,"taxonomy":"post_tag","description":"","parent":0,"count":2,"filter":"raw","id":282,"urls":{"self":"https:\/\/baruerieventos.com.br\/site\/wp-json\/tribe\/events\/v1\/tags\/282","collection":"https:\/\/baruerieventos.com.br\/site\/wp-json\/tribe\/events\/v1\/tags"}},{"name":"Andr\u00e9 Dea","slug":"andre-dea","term_group":0,"term_taxonomy_id":445,"taxonomy":"post_tag","description":"","parent":0,"count":1,"filter":"raw","id":445,"urls":{"self":"https:\/\/baruerieventos.com.br\/site\/wp-json\/tribe\/events\/v1\/tags\/445","collection":"https:\/\/baruerieventos.com.br\/site\/wp-json\/tribe\/events\/v1\/tags"}},{"name":"Aurora","slug":"aurora","term_group":0,"term_taxonomy_id":703,"taxonomy":"post_tag","description":"","parent":0,"count":1,"filter":"raw","id":703,"urls":{"self":"https:\/\/baruerieventos.com.br\/site\/wp-json\/tribe\/events\/v1\/tags\/703","collection":"https:\/\/baruerieventos.com.br\/site\/wp-json\/tribe\/events\/v1\/tags"}},{"name":"Banda Supercombo em Osasco","slug":"banda-supercombo-em-osasco","term_group":0,"term_taxonomy_id":842,"taxonomy":"post_tag","description":"","parent":0,"count":1,"filter":"raw","id":842,"urls":{"self":"https:\/\/baruerieventos.com.br\/site\/wp-json\/tribe\/events\/v1\/tags\/842","collection":"https:\/\/baruerieventos.com.br\/site\/wp-json\/tribe\/events\/v1\/tags"}},{"name":"Piloto autom\u00e1tico e Amianto.","slug":"piloto-automatico-e-amianto","term_group":0,"term_taxonomy_id":5041,"taxonomy":"post_tag","description":"","parent":0,"count":1,"filter":"raw","id":5041,"urls":{"self":"https:\/\/baruerieventos.com.br\/site\/wp-json\/tribe\/events\/v1\/tags\/5041","collection":"https:\/\/baruerieventos.com.br\/site\/wp-json\/tribe\/events\/v1\/tags"}},{"name":"Teatro Aspro","slug":"teatro-aspro","term_group":0,"term_taxonomy_id":6159,"taxonomy":"post_tag","description":"","parent":0,"count":2,"filter":"raw","id":6159,"urls":{"self":"https:\/\/baruerieventos.com.br\/site\/wp-json\/tribe\/events\/v1\/tags\/6159","collection":"https:\/\/baruerieventos.com.br\/site\/wp-json\/tribe\/events\/v1\/tags"}}],"venue":{"id":3123,"author":"1","status":"publish","date":"2017-06-21 13:14:35","date_utc":"2017-06-21 16:14:35","modified":"2017-06-21 13:14:35","modified_utc":"2017-06-21 16:14:35","url":"https:\/\/baruerieventos.com.br\/site\/local\/teatro-aspro\/","venue":"Teatro Aspro","slug":"teatro-aspro","address":"Rua Joaquim Dias de Oliveira, 22 - Vila dos Rem\u00e9dios","city":"Osasco","country":"Brasil","province":"S\u00e3o Paulo","phone":"(11) 3602-8810","stateprovince":"S\u00e3o Paulo","json_ld":{"@type":"Place","name":"Teatro Aspro","description":"","url":"","address":{"@type":"PostalAddress","streetAddress":"Rua Joaquim Dias de Oliveira, 22 - Vila dos Rem\u00e9dios","addressLocality":"Osasco","addressRegion":"S\u00e3o Paulo","addressCountry":"Brasil"},"telephone":"(11) 3602-8810","sameAs":""},"show_map":true,"show_map_link":true,"global_id":"baruerieventos.com.br\/site?id=3123","global_id_lineage":["baruerieventos.com.br\/site?id=3123"]},"organizer":[],"custom_fields":[],"json_ld":{"@context":"http:\/\/schema.org","@type":"Event","name":"Banda Supercombo em Osasco","description":"&lt;p&gt;Banda Supercombo apresenta a turn\u00ea Adeus, Aurora em Osasco No dia 15 de junho\u00a0a\u00a0Supercombo\u00a0se apresenta no\u00a0 Teatro ASPRO\u00a0em\u00a0\u00a0Osasco com o repert\u00f3rio do seu mais novo \u00e1lbum &quot;Adeus, Aurora&quot;. A banda [&hellip;]&lt;\/p&gt;\\n","image":false,"url":"https:\/\/baruerieventos.com.br\/site\/event\/banda-supercombo-em-osasco\/","eventAttendanceMode":"https:\/\/schema.org\/OfflineEventAttendanceMode","eventStatus":"https:\/\/schema.org\/EventScheduled","startDate":"2019-06-15T20:00:00-03:00","endDate":"2019-06-15T22:00:00-03:00","location":{"@type":"Place","name":"Teatro Aspro","description":"","url":"","address":{"@type":"PostalAddress","streetAddress":"Rua Joaquim Dias de Oliveira, 22 - Vila dos Rem\u00e9dios","addressLocality":"Osasco","addressRegion":"S\u00e3o Paulo","addressCountry":"Brasil"},"telephone":"(11) 3602-8810","sameAs":""},"performer":"Organization"}}