{"id":7757,"global_id":"baruerieventos.com.br\/site?id=7757","global_id_lineage":["baruerieventos.com.br\/site?id=7757"],"author":"2","status":"publish","date":"2024-02-02 19:54:07","date_utc":"2024-02-02 22:54:07","modified":"2024-02-02 19:54:07","modified_utc":"2024-02-02 22:54:07","url":"https:\/\/baruerieventos.com.br\/site\/event\/grito-de-carnaval-2024\/","rest_url":"https:\/\/baruerieventos.com.br\/site\/wp-json\/tribe\/events\/v1\/events\/7757","title":"Grito de Carnaval 2024","description":"<p style=\"font-weight: 400;\"><em><strong>Grito de Carnaval acontece dias 03 e 04\/02 no Parque <\/strong><strong>Dom<\/strong><strong>\u00a0Jos\u00e9<\/strong>\u00a0<\/em><\/p>\n<p style=\"font-weight: 400;\">O Parque Dom Jos\u00e9, situado na rua \u00c2ngela Mirella, 500, no Jardim Barueri, recebe o evento Grito de Carnaval nos dias 03 e\u00a004 de fevereiro, respectivamente\u00a0s\u00e1bado\u00a0e\u00a0domingo. Ser\u00e1 um verdadeiro \u201cesquenta\u201d para o Carnaval. Neste ano, a folia acontece entre os dias 10 e 13\/02, terminando ao meio-dia do dia 14,\u00a0Quarta-Feira de Cinzas.<\/p>\n<p style=\"font-weight: 400;\">O Grito contar\u00e1 com escola de samba, banda, DJ, food trucks e brinquedos para a crian\u00e7ada. O evento \u00e9 gratuito e organizado pela Secretaria de Recursos Naturais e Meio Ambiente (Sema). Confira a programa\u00e7\u00e3o abaixo:<\/p>\n<p style=\"font-weight: 400;\">\n<table style=\"font-weight: 400;\" width=\"0\">\n<tbody>\n<tr>\n<td colspan=\"2\" width=\"274\"><strong>Dia 03<\/strong><\/td>\n<td width=\"19\"><\/td>\n<td colspan=\"2\" width=\"260\"><strong>Dia 04<\/strong><\/td>\n<\/tr>\n<tr>\n<td width=\"113\">&nbsp;<\/td>\n<td width=\"161\">&nbsp;<\/td>\n<td width=\"19\">&nbsp;<\/td>\n<td width=\"109\">&nbsp;<\/td>\n<td width=\"151\">&nbsp;<\/td>\n<\/tr>\n<tr>\n<td width=\"113\"><strong>Hor\u00e1rio<\/strong><\/td>\n<td width=\"161\"><strong>Atra\u00e7\u00e3o<\/strong><\/td>\n<td width=\"19\"><\/td>\n<td width=\"109\"><strong>Hor\u00e1rio<\/strong><\/td>\n<td width=\"151\"><strong>Atra\u00e7\u00e3o<\/strong><\/td>\n<\/tr>\n<tr>\n<td width=\"113\">&nbsp;<\/td>\n<td width=\"161\">&nbsp;<\/td>\n<td width=\"19\">&nbsp;<\/td>\n<td width=\"109\">&nbsp;<\/td>\n<td width=\"151\">&nbsp;<\/td>\n<\/tr>\n<tr>\n<td width=\"113\">Das 15h \u00e0s 18h<\/td>\n<td width=\"161\">Dj Well Mangaly\u00a0&#8211;<\/p>\n<p>Com repert\u00f3rio de Carnaval antecedendo a escola de samba<\/td>\n<td width=\"19\">&nbsp;<\/p>\n<p>&nbsp;<\/p>\n<p>&nbsp;<\/td>\n<td width=\"109\">Das 13h \u00e0s 16h<\/td>\n<td width=\"151\">Dj Well Mangaly\u00a0&#8211;<\/p>\n<p>Com repert\u00f3rio de Carnaval antecedendo a escola de samba<\/td>\n<\/tr>\n<tr>\n<td width=\"113\">&nbsp;<\/td>\n<td width=\"161\">&nbsp;<\/td>\n<td width=\"19\">&nbsp;<\/td>\n<td width=\"109\">&nbsp;<\/td>\n<td width=\"151\">&nbsp;<\/td>\n<\/tr>\n<tr>\n<td width=\"113\">Das 18h \u00e0s 20h<\/td>\n<td width=\"161\">Escola de samba\u00a0Cad\u00eancia Paulista<\/td>\n<td width=\"19\">&nbsp;<\/p>\n<p>&nbsp;<\/td>\n<td width=\"109\">Das 16 \u00e0s 18h<\/td>\n<td width=\"151\">Beeh Santos e Banda<\/td>\n<\/tr>\n<\/tbody>\n<\/table>\n<p style=\"font-weight: 400;\">Para o gestor da Sema, Marco Ant\u00f4nio de Oliveira (Bidu), esse evento, que ter\u00e1 como cen\u00e1rio todo o verde do parque, preparar\u00e1 os visitantes para a grande festa carnavalesca \u201cLogo no come\u00e7o\u00a0de fevereiro, n\u00f3s queremos que as pessoas j\u00e1 entrem no clima de Carnaval e utilizem tudo o que o parque tem para oferecer. Esperamos que todos se divirtam muito e tenham boas hist\u00f3rias para contar depois. Preparamos essa festa com muito carinho e queremos que todos venham e caiam na folia\u201d, convida o secret\u00e1rio.<\/p>\n<p style=\"font-weight: 400;\">","excerpt":"","slug":"grito-de-carnaval-2024","image":{"url":false,"id":7758,"extension":""},"all_day":false,"start_date":"2024-02-03 15:00:00","start_date_details":{"year":"2024","month":"02","day":"03","hour":"15","minutes":"00","seconds":"00"},"end_date":"2024-02-04 18:00:00","end_date_details":{"year":"2024","month":"02","day":"04","hour":"18","minutes":"00","seconds":"00"},"utc_start_date":"2024-02-03 18:00:00","utc_start_date_details":{"year":"2024","month":"02","day":"03","hour":"18","minutes":"00","seconds":"00"},"utc_end_date":"2024-02-04 21:00:00","utc_end_date_details":{"year":"2024","month":"02","day":"04","hour":"21","minutes":"00","seconds":"00"},"timezone":"America\/Sao_Paulo","timezone_abbr":"-03","cost":"Gratuito","cost_details":{"currency_symbol":"","currency_code":"","currency_position":"prefix","values":["0"]},"website":"","show_map":true,"show_map_link":true,"hide_from_listings":false,"sticky":false,"featured":false,"categories":[{"name":"Culturais","slug":"culturais","term_group":0,"term_taxonomy_id":6738,"taxonomy":"tribe_events_cat","description":"","parent":0,"count":513,"filter":"raw","id":6738,"urls":{"self":"https:\/\/baruerieventos.com.br\/site\/wp-json\/tribe\/events\/v1\/categories\/6738","collection":"https:\/\/baruerieventos.com.br\/site\/wp-json\/tribe\/events\/v1\/categories"}},{"name":"Dan\u00e7a","slug":"danca","term_group":0,"term_taxonomy_id":6739,"taxonomy":"tribe_events_cat","description":"","parent":0,"count":121,"filter":"raw","id":6739,"urls":{"self":"https:\/\/baruerieventos.com.br\/site\/wp-json\/tribe\/events\/v1\/categories\/6739","collection":"https:\/\/baruerieventos.com.br\/site\/wp-json\/tribe\/events\/v1\/categories"}},{"name":"Evento Gratu\u00edto","slug":"evento-gratuito","term_group":0,"term_taxonomy_id":6741,"taxonomy":"tribe_events_cat","description":"","parent":0,"count":715,"filter":"raw","id":6741,"urls":{"self":"https:\/\/baruerieventos.com.br\/site\/wp-json\/tribe\/events\/v1\/categories\/6741","collection":"https:\/\/baruerieventos.com.br\/site\/wp-json\/tribe\/events\/v1\/categories"}}],"tags":[{"name":"Beeh Santos e Banda","slug":"beeh-santos-e-banda","term_group":0,"term_taxonomy_id":970,"taxonomy":"post_tag","description":"","parent":0,"count":1,"filter":"raw","id":970,"urls":{"self":"https:\/\/baruerieventos.com.br\/site\/wp-json\/tribe\/events\/v1\/tags\/970","collection":"https:\/\/baruerieventos.com.br\/site\/wp-json\/tribe\/events\/v1\/tags"}},{"name":"Dj Well Mangaly","slug":"dj-well-mangaly","term_group":0,"term_taxonomy_id":2177,"taxonomy":"post_tag","description":"","parent":0,"count":1,"filter":"raw","id":2177,"urls":{"self":"https:\/\/baruerieventos.com.br\/site\/wp-json\/tribe\/events\/v1\/tags\/2177","collection":"https:\/\/baruerieventos.com.br\/site\/wp-json\/tribe\/events\/v1\/tags"}},{"name":"Escola de Samba Cad\u00eancia Paulista","slug":"escola-de-samba-cadencia-paulista","term_group":0,"term_taxonomy_id":2413,"taxonomy":"post_tag","description":"","parent":0,"count":2,"filter":"raw","id":2413,"urls":{"self":"https:\/\/baruerieventos.com.br\/site\/wp-json\/tribe\/events\/v1\/tags\/2413","collection":"https:\/\/baruerieventos.com.br\/site\/wp-json\/tribe\/events\/v1\/tags"}},{"name":"Marco Ant\u00f4nio de Oliveira (Bidu)","slug":"marco-antonio-de-oliveira-bidu","term_group":0,"term_taxonomy_id":4084,"taxonomy":"post_tag","description":"","parent":0,"count":1,"filter":"raw","id":4084,"urls":{"self":"https:\/\/baruerieventos.com.br\/site\/wp-json\/tribe\/events\/v1\/tags\/4084","collection":"https:\/\/baruerieventos.com.br\/site\/wp-json\/tribe\/events\/v1\/tags"}}],"venue":{"id":109,"author":"1","status":"publish","date":"2015-04-17 16:24:13","date_utc":"2015-04-17 16:24:13","modified":"2015-04-17 16:24:13","modified_utc":"2015-04-17 16:24:13","url":"https:\/\/baruerieventos.com.br\/site\/local\/parque-municipal-dom-jose\/","venue":"Parque Municipal Dom Jos\u00e9","slug":"parque-municipal-dom-jose","address":"rua Angela Mirela, 500","city":"Barueri","country":"Brazil","province":"S\u00e3o Paulo","zip":"06411-330","phone":"11 4198-5445","stateprovince":"S\u00e3o Paulo","json_ld":{"@type":"Place","name":"Parque Municipal Dom Jos\u00e9","description":"","url":"","address":{"@type":"PostalAddress","streetAddress":"rua Angela Mirela, 500","addressLocality":"Barueri","addressRegion":"S\u00e3o Paulo","postalCode":"06411-330","addressCountry":"Brazil"},"telephone":"11 4198-5445","sameAs":""},"show_map":true,"show_map_link":true,"global_id":"baruerieventos.com.br\/site?id=109","global_id_lineage":["baruerieventos.com.br\/site?id=109"]},"organizer":[],"custom_fields":[],"json_ld":{"@context":"http:\/\/schema.org","@type":"Event","name":"Grito de Carnaval 2024","description":"&lt;p&gt;Grito de Carnaval acontece dias 03 e 04\/02 no Parque Dom\u00a0Jos\u00e9\u00a0 O Parque Dom Jos\u00e9, situado na rua \u00c2ngela Mirella, 500, no Jardim Barueri, recebe o evento Grito de Carnaval [&hellip;]&lt;\/p&gt;\\n","image":false,"url":"https:\/\/baruerieventos.com.br\/site\/event\/grito-de-carnaval-2024\/","eventAttendanceMode":"https:\/\/schema.org\/OfflineEventAttendanceMode","eventStatus":"https:\/\/schema.org\/EventScheduled","startDate":"2024-02-03T15:00:00-03:00","endDate":"2024-02-04T18:00:00-03:00","location":{"@type":"Place","name":"Parque Municipal Dom Jos\u00e9","description":"","url":"","address":{"@type":"PostalAddress","streetAddress":"rua Angela Mirela, 500","addressLocality":"Barueri","addressRegion":"S\u00e3o Paulo","postalCode":"06411-330","addressCountry":"Brazil"},"telephone":"11 4198-5445","sameAs":""},"offers":{"@type":"Offer","price":"0","priceCurrency":"USD","url":"https:\/\/baruerieventos.com.br\/site\/event\/grito-de-carnaval-2024\/","category":"primary","availability":"inStock","validFrom":"1970-01-01T00:00:00+00:00"},"performer":"Organization"}}