{"id":6675,"date":"2019-10-30T13:33:15","date_gmt":"2019-10-30T16:33:15","guid":{"rendered":"http:\/\/baruerieventos.com.br\/site\/?p=6675"},"modified":"2019-10-30T13:33:15","modified_gmt":"2019-10-30T16:33:15","slug":"expo-sao-roque","status":"publish","type":"post","link":"https:\/\/baruerieventos.com.br\/site\/2019\/10\/30\/expo-sao-roque\/","title":{"rendered":"Expo S\u00e3o Roque"},"content":{"rendered":"\n<p>Expo S\u00e3o Roque, um evento cheio de atrativos. Num clima de festa que une divers\u00e3o, gastronomia, compras, shows e diversas manifesta\u00e7\u00f5es art\u00edsticas. Em nossa visita ao evento, pudemos ver a atua\u00e7\u00e3o do&nbsp;<a rel=\"noreferrer noopener\" href=\"https:\/\/www.facebook.com\/GrupoDeSerenataNaqueleTempo\" target=\"_blank\">Grupo de Serenata Naquele Tempo<\/a>.<\/p>\n\n\n\n<p>Realizada tradicionalmente no Recanto da Cascata, uma grande \u00e1rea verde de mata preservada com toda a infraestrutura para receber seus visitantes. O foco da Expo \u00e9 divulgar o potencial tur\u00edstico e cultural da cidade, bem como os Vinhos e a Gastronomia \u00e0 base de alcachofra.<\/p>\n\n\n\n<p>Este ano, com o tema \u2018Tributo a Adoniran Barbosa\u2019, a Expo S\u00e3o Roque faz uma homenagem a esse compositor, cantor e poeta popular que comp\u00f4s grandes obras como: Trem das Onze, Saudosa Maloca, Samba do Arnesto, Iracema, entre tantas. No centro do Recinto, uma Pra\u00e7a Tem\u00e1tica com cenografia alusiva ao tema.<\/p>\n\n\n\n<p>Os visitantes tem a oportunidade de participar da Pisa da Uva; assistir aos workshops sobre vinhos e degustar vinhos e sucos nos stands das vin\u00edcolas que, por gera\u00e7\u00f5es, fazem S\u00e3o Roque ser conhecida nacionalmente como a Terra do Vinho. Al\u00e9m de apreciar diferentes pratos \u00e0 base de alcachofra em um dos restaurantes e aprender a prepar\u00e1-las no Espa\u00e7o Gourmet.<\/p>\n\n\n\n<p>Uma visita que vale a pena, separe um dia para esta visita, que ser\u00e1 inesquec\u00edvel para voc\u00ea e sua fam\u00edlia.<\/p>\n\n\n\n<p>Acontece de sexta a domingo at\u00e9 10\/11 no hor\u00e1rio das 9h \u00e1s 19h.<\/p>\n\n\n\n<p>Consulte mais informa\u00e7\u00f5es no&nbsp;<a rel=\"noreferrer noopener\" href=\"http:\/\/www.exposaoroque.com.br\/\" target=\"_blank\">site<\/a><\/p>\n\n\n\n<ul class=\"wp-block-gallery columns-2 is-cropped wp-block-gallery-1 is-layout-flex wp-block-gallery-is-layout-flex\"><li class=\"blocks-gallery-item\"><figure><img decoding=\"async\" src=\"https:\/\/baruerieventos.com.br\/site\/wp-content\/uploads\/2019\/10\/72973977_2423647651288159_3043802722349350912_n.jpg\" alt=\"\" data-id=\"6676\" data-link=\"https:\/\/www.baruerieventos.com.br\/site\/?attachment_id=6676\" class=\"wp-image-6676\"\/><\/figure><\/li><li class=\"blocks-gallery-item\"><figure><img decoding=\"async\" src=\"https:\/\/baruerieventos.com.br\/site\/wp-content\/uploads\/2019\/10\/73218669_2423647941288130_7580226839142989824_n.jpg\" alt=\"\" data-id=\"6677\" data-link=\"https:\/\/www.baruerieventos.com.br\/site\/?attachment_id=6677\" class=\"wp-image-6677\"\/><\/figure><\/li><li class=\"blocks-gallery-item\"><figure><img decoding=\"async\" src=\"https:\/\/baruerieventos.com.br\/site\/wp-content\/uploads\/2019\/10\/73320400_2423648091288115_7110032266461446144_n.jpg\" alt=\"\" data-id=\"6678\" data-link=\"https:\/\/www.baruerieventos.com.br\/site\/?attachment_id=6678\" class=\"wp-image-6678\"\/><\/figure><\/li><li class=\"blocks-gallery-item\"><figure><img decoding=\"async\" src=\"https:\/\/baruerieventos.com.br\/site\/wp-content\/uploads\/2019\/10\/73375461_2423648177954773_8669121543986479104_n.jpg\" alt=\"\" data-id=\"6679\" data-link=\"https:\/\/www.baruerieventos.com.br\/site\/?attachment_id=6679\" class=\"wp-image-6679\"\/><\/figure><\/li><li class=\"blocks-gallery-item\"><figure><img decoding=\"async\" src=\"https:\/\/baruerieventos.com.br\/site\/wp-content\/uploads\/2019\/10\/74420831_2423647481288176_3313967723024744448_n.jpg\" alt=\"\" data-id=\"6680\" data-link=\"https:\/\/www.baruerieventos.com.br\/site\/?attachment_id=6680\" class=\"wp-image-6680\"\/><\/figure><\/li><li class=\"blocks-gallery-item\"><figure><img decoding=\"async\" src=\"https:\/\/baruerieventos.com.br\/site\/wp-content\/uploads\/2019\/10\/75341018_2423648701288054_8653339755376803840_n.jpg\" alt=\"\" data-id=\"6681\" data-link=\"https:\/\/www.baruerieventos.com.br\/site\/?attachment_id=6681\" class=\"wp-image-6681\"\/><\/figure><\/li><li class=\"blocks-gallery-item\"><figure><img decoding=\"async\" src=\"https:\/\/baruerieventos.com.br\/site\/wp-content\/uploads\/2019\/10\/75424554_2423647294621528_2017787494065504256_n.jpg\" alt=\"\" data-id=\"6682\" data-link=\"https:\/\/www.baruerieventos.com.br\/site\/?attachment_id=6682\" class=\"wp-image-6682\"\/><\/figure><\/li><\/ul>\n\n\n\n<p>Veja mais fotos no&nbsp;<a href=\"https:\/\/www.facebook.com\/pg\/baruerieventos\/photos\/?tab=album&amp;album_id=2423647047954886\" target=\"_blank\" rel=\"noreferrer noopener\">Facebook Barueri Eventos<\/a><\/p>\n","protected":false},"excerpt":{"rendered":"<p>Expo S\u00e3o Roque, um evento cheio de atrativos. Num clima de festa que une divers\u00e3o, gastronomia, compras, shows e diversas manifesta\u00e7\u00f5es art\u00edsticas. Em nossa visita ao evento, pudemos ver a [&hellip;]<\/p>\n","protected":false},"author":2,"featured_media":6681,"comment_status":"closed","ping_status":"closed","sticky":false,"template":"","format":"standard","meta":{"footnotes":""},"categories":[4,17],"tags":[],"class_list":["post-6675","post","type-post","status-publish","format-standard","has-post-thumbnail","hentry","category-cobertura-de-eventos","category-noticias"],"_links":{"self":[{"href":"https:\/\/baruerieventos.com.br\/site\/wp-json\/wp\/v2\/posts\/6675","targetHints":{"allow":["GET"]}}],"collection":[{"href":"https:\/\/baruerieventos.com.br\/site\/wp-json\/wp\/v2\/posts"}],"about":[{"href":"https:\/\/baruerieventos.com.br\/site\/wp-json\/wp\/v2\/types\/post"}],"author":[{"embeddable":true,"href":"https:\/\/baruerieventos.com.br\/site\/wp-json\/wp\/v2\/users\/2"}],"replies":[{"embeddable":true,"href":"https:\/\/baruerieventos.com.br\/site\/wp-json\/wp\/v2\/comments?post=6675"}],"version-history":[{"count":0,"href":"https:\/\/baruerieventos.com.br\/site\/wp-json\/wp\/v2\/posts\/6675\/revisions"}],"wp:featuredmedia":[{"embeddable":true,"href":"https:\/\/baruerieventos.com.br\/site\/wp-json\/"}],"wp:attachment":[{"href":"https:\/\/baruerieventos.com.br\/site\/wp-json\/wp\/v2\/media?parent=6675"}],"wp:term":[{"taxonomy":"category","embeddable":true,"href":"https:\/\/baruerieventos.com.br\/site\/wp-json\/wp\/v2\/categories?post=6675"},{"taxonomy":"post_tag","embeddable":true,"href":"https:\/\/baruerieventos.com.br\/site\/wp-json\/wp\/v2\/tags?post=6675"}],"curies":[{"name":"wp","href":"https:\/\/api.w.org\/{rel}","templated":true}]}}