{"id":1414,"count":1,"description":"","link":"https:\/\/baruerieventos.com.br\/site\/tag\/cerimonia-de-inauguracao-do-natal-de-luz\/","name":"cerim\u00f4nia de inaugura\u00e7\u00e3o do \u201cNatal de Luz\u201d","slug":"cerimonia-de-inauguracao-do-natal-de-luz","taxonomy":"post_tag","meta":[],"_links":{"self":[{"href":"https:\/\/baruerieventos.com.br\/site\/wp-json\/wp\/v2\/tags\/1414","targetHints":{"allow":["GET"]}}],"collection":[{"href":"https:\/\/baruerieventos.com.br\/site\/wp-json\/wp\/v2\/tags"}],"about":[{"href":"https:\/\/baruerieventos.com.br\/site\/wp-json\/wp\/v2\/taxonomies\/post_tag"}],"wp:post_type":[{"href":"https:\/\/baruerieventos.com.br\/site\/wp-json\/wp\/v2\/posts?tags=1414"},{"href":"https:\/\/baruerieventos.com.br\/site\/wp-json\/wp\/v2\/tribe_events?tags=1414"},{"href":"https:\/\/baruerieventos.com.br\/site\/wp-json\/wp\/v2\/tec_calendar_embed?tags=1414"}],"curies":[{"name":"wp","href":"https:\/\/api.w.org\/{rel}","templated":true}]}}