{"id":2363,"count":1,"description":"","link":"https:\/\/baruerieventos.com.br\/site\/tag\/enfeites-e-toda-magia-do-clima-natalino-as-novas-iluminacoes-da-praca-central\/","name":"enfeites e toda magia do clima natalino. As novas ilumina\u00e7\u00f5es da Pra\u00e7a Central","slug":"enfeites-e-toda-magia-do-clima-natalino-as-novas-iluminacoes-da-praca-central","taxonomy":"post_tag","meta":[],"_links":{"self":[{"href":"https:\/\/baruerieventos.com.br\/site\/wp-json\/wp\/v2\/tags\/2363","targetHints":{"allow":["GET"]}}],"collection":[{"href":"https:\/\/baruerieventos.com.br\/site\/wp-json\/wp\/v2\/tags"}],"about":[{"href":"https:\/\/baruerieventos.com.br\/site\/wp-json\/wp\/v2\/taxonomies\/post_tag"}],"wp:post_type":[{"href":"https:\/\/baruerieventos.com.br\/site\/wp-json\/wp\/v2\/posts?tags=2363"},{"href":"https:\/\/baruerieventos.com.br\/site\/wp-json\/wp\/v2\/tribe_events?tags=2363"},{"href":"https:\/\/baruerieventos.com.br\/site\/wp-json\/wp\/v2\/tec_calendar_embed?tags=2363"}],"curies":[{"name":"wp","href":"https:\/\/api.w.org\/{rel}","templated":true}]}}