{"id":2609,"count":1,"description":"","link":"https:\/\/baruerieventos.com.br\/site\/tag\/exposicao-sao-paulo-arte-462\/","name":"exposi\u00e7\u00e3o S\u00e3o Paulo Arte 462","slug":"exposicao-sao-paulo-arte-462","taxonomy":"post_tag","meta":[],"_links":{"self":[{"href":"https:\/\/baruerieventos.com.br\/site\/wp-json\/wp\/v2\/tags\/2609","targetHints":{"allow":["GET"]}}],"collection":[{"href":"https:\/\/baruerieventos.com.br\/site\/wp-json\/wp\/v2\/tags"}],"about":[{"href":"https:\/\/baruerieventos.com.br\/site\/wp-json\/wp\/v2\/taxonomies\/post_tag"}],"wp:post_type":[{"href":"https:\/\/baruerieventos.com.br\/site\/wp-json\/wp\/v2\/posts?tags=2609"},{"href":"https:\/\/baruerieventos.com.br\/site\/wp-json\/wp\/v2\/tribe_events?tags=2609"},{"href":"https:\/\/baruerieventos.com.br\/site\/wp-json\/wp\/v2\/tec_calendar_embed?tags=2609"}],"curies":[{"name":"wp","href":"https:\/\/api.w.org\/{rel}","templated":true}]}}