{"id":2996,"count":1,"description":"","link":"https:\/\/baruerieventos.com.br\/site\/tag\/forum-municipal-de-pessoas-em-situacao-de-rua\/","name":"F\u00f3rum Municipal de pessoas em Situa\u00e7\u00e3o de rua","slug":"forum-municipal-de-pessoas-em-situacao-de-rua","taxonomy":"post_tag","meta":[],"_links":{"self":[{"href":"https:\/\/baruerieventos.com.br\/site\/wp-json\/wp\/v2\/tags\/2996","targetHints":{"allow":["GET"]}}],"collection":[{"href":"https:\/\/baruerieventos.com.br\/site\/wp-json\/wp\/v2\/tags"}],"about":[{"href":"https:\/\/baruerieventos.com.br\/site\/wp-json\/wp\/v2\/taxonomies\/post_tag"}],"wp:post_type":[{"href":"https:\/\/baruerieventos.com.br\/site\/wp-json\/wp\/v2\/posts?tags=2996"},{"href":"https:\/\/baruerieventos.com.br\/site\/wp-json\/wp\/v2\/tribe_events?tags=2996"},{"href":"https:\/\/baruerieventos.com.br\/site\/wp-json\/wp\/v2\/tec_calendar_embed?tags=2996"}],"curies":[{"name":"wp","href":"https:\/\/api.w.org\/{rel}","templated":true}]}}