{"id":644,"count":1,"description":"","link":"https:\/\/baruerieventos.com.br\/site\/tag\/associacao-caritas-sao-francisco\/","name":"Associa\u00e7\u00e3o Caritas S\u00e3o Francisco","slug":"associacao-caritas-sao-francisco","taxonomy":"post_tag","meta":[],"_links":{"self":[{"href":"https:\/\/baruerieventos.com.br\/site\/wp-json\/wp\/v2\/tags\/644","targetHints":{"allow":["GET"]}}],"collection":[{"href":"https:\/\/baruerieventos.com.br\/site\/wp-json\/wp\/v2\/tags"}],"about":[{"href":"https:\/\/baruerieventos.com.br\/site\/wp-json\/wp\/v2\/taxonomies\/post_tag"}],"wp:post_type":[{"href":"https:\/\/baruerieventos.com.br\/site\/wp-json\/wp\/v2\/posts?tags=644"},{"href":"https:\/\/baruerieventos.com.br\/site\/wp-json\/wp\/v2\/tribe_events?tags=644"},{"href":"https:\/\/baruerieventos.com.br\/site\/wp-json\/wp\/v2\/tec_calendar_embed?tags=644"}],"curies":[{"name":"wp","href":"https:\/\/api.w.org\/{rel}","templated":true}]}}